{"id":35622,"date":"2025-12-17T15:00:21","date_gmt":"2025-12-17T13:00:21","guid":{"rendered":"https:\/\/bisbalpenedes.com\/web\/?p=35622"},"modified":"2025-12-17T15:05:38","modified_gmt":"2025-12-17T13:05:38","slug":"aquest-divendres-arriba-el-patge-reial-a-la-fira-de-nadal-hi-ha-diverses-activitats-programades-per-als-mes-menuts","status":"publish","type":"post","link":"https:\/\/bisbalpenedes.com\/web\/2025\/12\/17\/aquest-divendres-arriba-el-patge-reial-a-la-fira-de-nadal-hi-ha-diverses-activitats-programades-per-als-mes-menuts\/","title":{"rendered":"Aquest divendres arriba el Patge Reial a la Fira de Nadal &#8211; Hi ha diverses activitats programades per als m\u00e9s menuts"},"content":{"rendered":"\n<p>\ud83d\udce8\ud83d\udc51Enguany, el Patge Reial ha decidit avan\u00e7ar la seva visita a la Bisbal del Pened\u00e8s.<br>\ud83c\udf84Vindr\u00e0 el divendres 19 de desembre, a la tarda, a la <a href=\"https:\/\/bisbalpenedes.com\/web\/2025\/12\/09\/el-12-de-desembre-comenca-la-campanya-comercial-troba-la-llum-del-nadal\/\" target=\"_blank\" rel=\"noreferrer noopener\">Fira de Nadal<\/a> i coincidir\u00e0 amb la visita del Pare Noel \ud83c\udf85<\/p>\n\n\n\n<p>\ud83c\udfa8RECORDEU: Els infants que portin els seus dibuixos amb el seu nom i el tel\u00e8fon participaran en el sorteig per pujar al balc\u00f3 de l&#8217;Ajuntament el dia 5 de gener, amb SSMM els Reis d&#8217;Orient.<\/p>\n\n\n\n<p>\u270d\ufe0fDem\u00e0 dijous 18 de desembre els menuts de la casa podran fer la carta als Reis a la Biblioteca p\u00fablica de la Bisbal del Pened\u00e8s i gaudir del <a href=\"https:\/\/bisbalpenedes.com\/web\/2025\/12\/15\/contes-dolcos-com-torrons-aquest-dijous-no-us-perdeu-les-histories-nadalenques-que-explicara-la-monica-torra-a-lauditori-del-cmc\/\" target=\"_blank\" rel=\"noreferrer noopener\">conta contes de Nadal.<\/a><\/p>\n\n\n\n<p>\ud83e\udeb5A la Biblioteca tamb\u00e9 podeu recollir, gratu\u00eftament, l&#8217;\u00e0lbum per fer la col\u00b7lecci\u00f3 dels cromos dels <a href=\"https:\/\/bisbalpenedes.com\/web\/2025\/12\/09\/a-partir-daquest-divendres-12-de-desembre-podreu-recollir-lalbum-dels-tions-de-la-bisbal-i-aconseguir-els-cromos-per-emplenar-lo-comprant-als-comercos-bisbalencs\/\" target=\"_blank\" rel=\"noreferrer noopener\">Tions de la Bisbal.<\/a> Els cromos els podeu adquirir comprant als comer\u00e7os bisbalencs.<\/p>\n\n\n\n<p>\ud83c\udf6b I dissabte 20 de desembre, al mat\u00ed, no us perdeu el <a href=\"https:\/\/bisbalpenedes.com\/web\/2025\/12\/09\/el-12-de-desembre-comenca-la-campanya-comercial-troba-la-llum-del-nadal\/\" target=\"_blank\" rel=\"noreferrer noopener\">Ti\u00f3 Gegant <\/a>a la pla\u00e7a Catalunya! Hi haur\u00e0 xocolata amb xurros per tothom!<\/p>\n\n\n\n<hr class=\"wp-block-separator has-alpha-channel-opacity\"\/>\n\n\n\n<p>\ud83d\udce8\ud83d\udc51Este a\u00f1o, el Paje Real ha decidido adelantar su visita a la Bisbal del Pened\u00e8s.<br>\ud83c\udf84Vendr\u00e1 el 19 de diciembre, por la tarde, a la <a href=\"https:\/\/bisbalpenedes.com\/web\/2025\/12\/09\/el-12-de-desembre-comenca-la-campanya-comercial-troba-la-llum-del-nadal\/\" target=\"_blank\" rel=\"noreferrer noopener\">Fira de Nadal<\/a> y coicidir\u00e1 con la visita de Pap\u00e1 Noel \ud83c\udf85<\/p>\n\n\n\n<p>\ud83c\udfa8RECORDAD: Los ni\u00f1os y ni\u00f1as que lleven sus dibujos con su nombre y su tel\u00e9fono participar\u00e1n en el sorteo para subir al balc\u00f3n del Ayuntamiento el d\u00eda 5 de enero, junto con SSMM Los Reyes Magos.<\/p>\n\n\n\n<p>\u270d\ufe0fMa\u00f1ana jueves 18 de diciembre los peque\u00f1os de la casa podr\u00e1n hacer la carta a los Reyes en la Biblioteca p\u00fablica de la Bisbal del Pened\u00e8s y disfrutar del <a rel=\"noreferrer noopener\" href=\"https:\/\/bisbalpenedes.com\/web\/2025\/12\/15\/contes-dolcos-com-torrons-aquest-dijous-no-us-perdeu-les-histories-nadalenques-que-explicara-la-monica-torra-a-lauditori-del-cmc\/\" target=\"_blank\">cuentacuentos de Navidad.<\/a><\/p>\n\n\n\n<p>\ud83e\udeb5En la Biblioteca tambi\u00e9n pod\u00e9is recoger, de forma gratuita, el \u00e1lbum para hacer la colecci\u00f3n de cromos de<a rel=\"noreferrer noopener\" href=\"https:\/\/bisbalpenedes.com\/web\/2025\/12\/09\/a-partir-daquest-divendres-12-de-desembre-podreu-recollir-lalbum-dels-tions-de-la-bisbal-i-aconseguir-els-cromos-per-emplenar-lo-comprant-als-comercos-bisbalencs\/\" target=\"_blank\"> los Tions de la Bisbal.<\/a> Los cromos los pod\u00e9is adquirir comprando en los comercios de la Bisbal.<\/p>\n\n\n\n<p>\ud83c\udf6b Y el s\u00e1bado 20 de diciembre, por la ma\u00f1ana, \u00a1No os perd\u00e1is el <a href=\"https:\/\/bisbalpenedes.com\/web\/2025\/12\/09\/el-12-de-desembre-comenca-la-campanya-comercial-troba-la-llum-del-nadal\/\" target=\"_blank\" rel=\"noreferrer noopener\">Ti\u00f3 Gigante <\/a>en la plaza Catalunya! \u00a1Habr\u00e1 chocolate con churros para todo el mundo!<\/p>\n\n\n\n<figure class=\"wp-block-image size-large\"><img loading=\"lazy\" width=\"819\" height=\"1024\" src=\"https:\/\/bisbalpenedes.com\/web\/wp-content\/uploads\/2025\/12\/FIRA-DE-NADAL-ANUNCIAR-819x1024.jpg\" alt=\"\" class=\"wp-image-35623\" srcset=\"https:\/\/bisbalpenedes.com\/web\/wp-content\/uploads\/2025\/12\/FIRA-DE-NADAL-ANUNCIAR-819x1024.jpg 819w, https:\/\/bisbalpenedes.com\/web\/wp-content\/uploads\/2025\/12\/FIRA-DE-NADAL-ANUNCIAR-240x300.jpg 240w, https:\/\/bisbalpenedes.com\/web\/wp-content\/uploads\/2025\/12\/FIRA-DE-NADAL-ANUNCIAR-768x960.jpg 768w, https:\/\/bisbalpenedes.com\/web\/wp-content\/uploads\/2025\/12\/FIRA-DE-NADAL-ANUNCIAR-600x750.jpg 600w, https:\/\/bisbalpenedes.com\/web\/wp-content\/uploads\/2025\/12\/FIRA-DE-NADAL-ANUNCIAR.jpg 1080w\" sizes=\"(max-width: 819px) 100vw, 819px\" \/><\/figure>\n\n\n\n<figure class=\"wp-block-image size-large\"><img loading=\"lazy\" width=\"819\" height=\"1024\" src=\"https:\/\/bisbalpenedes.com\/web\/wp-content\/uploads\/2025\/12\/CONTES-DOLC\u0327OS-18-12-819x1024.jpg\" alt=\"\" class=\"wp-image-35629\" srcset=\"https:\/\/bisbalpenedes.com\/web\/wp-content\/uploads\/2025\/12\/CONTES-DOLC\u0327OS-18-12-819x1024.jpg 819w, https:\/\/bisbalpenedes.com\/web\/wp-content\/uploads\/2025\/12\/CONTES-DOLC\u0327OS-18-12-240x300.jpg 240w, https:\/\/bisbalpenedes.com\/web\/wp-content\/uploads\/2025\/12\/CONTES-DOLC\u0327OS-18-12-768x960.jpg 768w, https:\/\/bisbalpenedes.com\/web\/wp-content\/uploads\/2025\/12\/CONTES-DOLC\u0327OS-18-12-1229x1536.jpg 1229w, https:\/\/bisbalpenedes.com\/web\/wp-content\/uploads\/2025\/12\/CONTES-DOLC\u0327OS-18-12-600x750.jpg 600w, https:\/\/bisbalpenedes.com\/web\/wp-content\/uploads\/2025\/12\/CONTES-DOLC\u0327OS-18-12.jpg 1448w\" sizes=\"(max-width: 819px) 100vw, 819px\" \/><\/figure>\n\n\n\n<figure class=\"wp-block-image size-large\"><img loading=\"lazy\" width=\"819\" height=\"1024\" src=\"https:\/\/bisbalpenedes.com\/web\/wp-content\/uploads\/2025\/12\/PATGE-REIAL-2025-819x1024.jpg\" alt=\"\" class=\"wp-image-35519\" srcset=\"https:\/\/bisbalpenedes.com\/web\/wp-content\/uploads\/2025\/12\/PATGE-REIAL-2025-819x1024.jpg 819w, https:\/\/bisbalpenedes.com\/web\/wp-content\/uploads\/2025\/12\/PATGE-REIAL-2025-240x300.jpg 240w, https:\/\/bisbalpenedes.com\/web\/wp-content\/uploads\/2025\/12\/PATGE-REIAL-2025-768x960.jpg 768w, https:\/\/bisbalpenedes.com\/web\/wp-content\/uploads\/2025\/12\/PATGE-REIAL-2025-600x750.jpg 600w, https:\/\/bisbalpenedes.com\/web\/wp-content\/uploads\/2025\/12\/PATGE-REIAL-2025.jpg 1080w\" sizes=\"(max-width: 819px) 100vw, 819px\" \/><\/figure>\n\n\n\n<figure class=\"wp-block-image size-large\"><img loading=\"lazy\" width=\"819\" height=\"1024\" src=\"https:\/\/bisbalpenedes.com\/web\/wp-content\/uploads\/2025\/12\/carta-reis-819x1024.jpg\" alt=\"\" class=\"wp-image-35631\" srcset=\"https:\/\/bisbalpenedes.com\/web\/wp-content\/uploads\/2025\/12\/carta-reis-819x1024.jpg 819w, https:\/\/bisbalpenedes.com\/web\/wp-content\/uploads\/2025\/12\/carta-reis-240x300.jpg 240w, https:\/\/bisbalpenedes.com\/web\/wp-content\/uploads\/2025\/12\/carta-reis-768x960.jpg 768w, https:\/\/bisbalpenedes.com\/web\/wp-content\/uploads\/2025\/12\/carta-reis-600x750.jpg 600w, https:\/\/bisbalpenedes.com\/web\/wp-content\/uploads\/2025\/12\/carta-reis.jpg 1080w\" sizes=\"(max-width: 819px) 100vw, 819px\" \/><\/figure>\n","protected":false},"excerpt":{"rendered":"<p>\ud83d\udce8\ud83d\udc51Enguany, el Patge Reial ha decidit avan\u00e7ar la seva visita a la Bisbal del Pened\u00e8s.\ud83c\udf84Vindr\u00e0 el divendres 19 de desembre, a la tarda, a la Fira de Nadal i coincidir\u00e0 &hellip; <a href=\"https:\/\/bisbalpenedes.com\/web\/2025\/12\/17\/aquest-divendres-arriba-el-patge-reial-a-la-fira-de-nadal-hi-ha-diverses-activitats-programades-per-als-mes-menuts\/\" class=\"more-link\">Read More<\/a><\/p>\n","protected":false},"author":4,"featured_media":35628,"comment_status":"closed","ping_status":"closed","sticky":false,"template":"","format":"standard","meta":[],"categories":[2942,2478,13,8],"tags":[180,7290,7274,393,7288,960,1374],"_links":{"self":[{"href":"https:\/\/bisbalpenedes.com\/web\/wp-json\/wp\/v2\/posts\/35622"}],"collection":[{"href":"https:\/\/bisbalpenedes.com\/web\/wp-json\/wp\/v2\/posts"}],"about":[{"href":"https:\/\/bisbalpenedes.com\/web\/wp-json\/wp\/v2\/types\/post"}],"author":[{"embeddable":true,"href":"https:\/\/bisbalpenedes.com\/web\/wp-json\/wp\/v2\/users\/4"}],"replies":[{"embeddable":true,"href":"https:\/\/bisbalpenedes.com\/web\/wp-json\/wp\/v2\/comments?post=35622"}],"version-history":[{"count":4,"href":"https:\/\/bisbalpenedes.com\/web\/wp-json\/wp\/v2\/posts\/35622\/revisions"}],"predecessor-version":[{"id":35632,"href":"https:\/\/bisbalpenedes.com\/web\/wp-json\/wp\/v2\/posts\/35622\/revisions\/35632"}],"wp:featuredmedia":[{"embeddable":true,"href":"https:\/\/bisbalpenedes.com\/web\/wp-json\/wp\/v2\/media\/35628"}],"wp:attachment":[{"href":"https:\/\/bisbalpenedes.com\/web\/wp-json\/wp\/v2\/media?parent=35622"}],"wp:term":[{"taxonomy":"category","embeddable":true,"href":"https:\/\/bisbalpenedes.com\/web\/wp-json\/wp\/v2\/categories?post=35622"},{"taxonomy":"post_tag","embeddable":true,"href":"https:\/\/bisbalpenedes.com\/web\/wp-json\/wp\/v2\/tags?post=35622"}],"curies":[{"name":"wp","href":"https:\/\/api.w.org\/{rel}","templated":true}]}}