{"id":35616,"date":"2025-12-15T18:13:47","date_gmt":"2025-12-15T16:13:47","guid":{"rendered":"https:\/\/bisbalpenedes.com\/web\/?p=35616"},"modified":"2025-12-15T18:13:47","modified_gmt":"2025-12-15T16:13:47","slug":"teatre-per-nadal-a-la-societat-amb-crim-qua-li-fi-cat-i-la-malalta-imaginaria-diumenge-21-de-desembre","status":"publish","type":"post","link":"https:\/\/bisbalpenedes.com\/web\/2025\/12\/15\/teatre-per-nadal-a-la-societat-amb-crim-qua-li-fi-cat-i-la-malalta-imaginaria-diumenge-21-de-desembre\/","title":{"rendered":"Teatre per Nadal a la Societat amb &#8216;Crim qua-li-fi-cat&#8217; i &#8216;La malalta imagin\u00e0ria&#8217; &#8211; Diumenge 21 de desembre"},"content":{"rendered":"\n<p>Aquest diumenge 21 de desembre, a les 19h, podreu gaudir de l&#8217;obra &#8220;Crim qua-li-fi-cat&#8221; de Joan Rosquelles Gil (amb adaptaci\u00f3 de l&#8217;elenc teatral de la Societat). Com \u00e9s habitual, l&#8217;elenc de la Societat prepara una obra per Nadal i, en aquest cas, comptar\u00e0 amb el seg\u00fcent repartiment: Cristina Pros, Marc Ferr\u00e9, Isabel Perales, Josep Pallar\u00e8s, Roger Pros, Asunci\u00f3n Turdiu, Asun Ca\u00f1ellas, Anna D\u00edaz, Vinyet Poch, Nona Catal\u00e0, Aniol Vidal, Vero Mira.<\/p>\n\n\n\n<p>En acabar, hi haur\u00e0 fi de festa amb &#8220;La Malalta imagin\u00e0ria&#8221;, una adaptaci\u00f3 de l&#8217;original de Moli\u00e8re amb el seg\u00fcent repartiment: Isona Castell\u00f3, MIreia R\u00e0fols, Bet Pascual, Ona Ca\u00f1\u00eds, Maria Lombarte, Marc Pascual, Gen\u00eds R\u00e0fols, Biel Ca\u00f1\u00eds i Judit Pascual.<\/p>\n\n\n\n<hr class=\"wp-block-separator has-alpha-channel-opacity\"\/>\n\n\n\n<p>Este domingo 21 de diciembre, a las 19 h, podr\u00e9is disfrutar de la obra \u201cCrim qua-li-fi-cat\u201d de Joan Rosquelles Gil (con adaptaci\u00f3n del elenco teatral de la Societat). Como es habitual, el elenco de la Societat prepara una obra por Navidad y, en este caso, contar\u00e1 con el siguiente reparto: Cristina Pros, Marc Ferr\u00e9, Isabel Perales, Josep Pallar\u00e8s, Roger Pros, Asunci\u00f3n Turdiu, Asun Ca\u00f1ellas, Anna D\u00edaz, Vinyet Poch, Nona Catal\u00e0, Aniol Vidal y Vero Mira.<\/p>\n\n\n\n<p>Al finalizar, habr\u00e1 fin de fiesta con \u201cLa malalta imagin\u00e0ria\u201d, una adaptaci\u00f3n del original de Moli\u00e8re, con el siguiente reparto: Isona Castell\u00f3, Mireia R\u00e0fols, Bet Pascual, Ona Ca\u00f1\u00eds, Maria Lombarte, Marc Pascual, Gen\u00eds R\u00e0fols, Biel Ca\u00f1\u00eds y Judit Pascual.<\/p>\n","protected":false},"excerpt":{"rendered":"<p>Aquest diumenge 21 de desembre, a les 19h, podreu gaudir de l&#8217;obra &#8220;Crim qua-li-fi-cat&#8221; de Joan Rosquelles Gil (amb adaptaci\u00f3 de l&#8217;elenc teatral de la Societat). Com \u00e9s habitual, l&#8217;elenc &hellip; <a href=\"https:\/\/bisbalpenedes.com\/web\/2025\/12\/15\/teatre-per-nadal-a-la-societat-amb-crim-qua-li-fi-cat-i-la-malalta-imaginaria-diumenge-21-de-desembre\/\" class=\"more-link\">Read More<\/a><\/p>\n","protected":false},"author":4,"featured_media":35569,"comment_status":"closed","ping_status":"closed","sticky":false,"template":"","format":"standard","meta":[],"categories":[2942,13,8],"tags":[7285,7287,7286,300,285,4271],"_links":{"self":[{"href":"https:\/\/bisbalpenedes.com\/web\/wp-json\/wp\/v2\/posts\/35616"}],"collection":[{"href":"https:\/\/bisbalpenedes.com\/web\/wp-json\/wp\/v2\/posts"}],"about":[{"href":"https:\/\/bisbalpenedes.com\/web\/wp-json\/wp\/v2\/types\/post"}],"author":[{"embeddable":true,"href":"https:\/\/bisbalpenedes.com\/web\/wp-json\/wp\/v2\/users\/4"}],"replies":[{"embeddable":true,"href":"https:\/\/bisbalpenedes.com\/web\/wp-json\/wp\/v2\/comments?post=35616"}],"version-history":[{"count":1,"href":"https:\/\/bisbalpenedes.com\/web\/wp-json\/wp\/v2\/posts\/35616\/revisions"}],"predecessor-version":[{"id":35617,"href":"https:\/\/bisbalpenedes.com\/web\/wp-json\/wp\/v2\/posts\/35616\/revisions\/35617"}],"wp:featuredmedia":[{"embeddable":true,"href":"https:\/\/bisbalpenedes.com\/web\/wp-json\/wp\/v2\/media\/35569"}],"wp:attachment":[{"href":"https:\/\/bisbalpenedes.com\/web\/wp-json\/wp\/v2\/media?parent=35616"}],"wp:term":[{"taxonomy":"category","embeddable":true,"href":"https:\/\/bisbalpenedes.com\/web\/wp-json\/wp\/v2\/categories?post=35616"},{"taxonomy":"post_tag","embeddable":true,"href":"https:\/\/bisbalpenedes.com\/web\/wp-json\/wp\/v2\/tags?post=35616"}],"curies":[{"name":"wp","href":"https:\/\/api.w.org\/{rel}","templated":true}]}}