{"id":35604,"date":"2025-12-15T17:35:24","date_gmt":"2025-12-15T15:35:24","guid":{"rendered":"https:\/\/bisbalpenedes.com\/web\/?p=35604"},"modified":"2025-12-15T17:35:25","modified_gmt":"2025-12-15T15:35:25","slug":"contes-dolcos-com-torrons-aquest-dijous-no-us-perdeu-les-histories-nadalenques-que-explicara-la-monica-torra-a-lauditori-del-cmc","status":"publish","type":"post","link":"https:\/\/bisbalpenedes.com\/web\/2025\/12\/15\/contes-dolcos-com-torrons-aquest-dijous-no-us-perdeu-les-histories-nadalenques-que-explicara-la-monica-torra-a-lauditori-del-cmc\/","title":{"rendered":"Contes dol\u00e7os com torrons: aquest dijous no us perdeu les hist\u00f2ries nadalenques que explicar\u00e0 la M\u00f2nica Torra a l&#8217;auditori del CMC"},"content":{"rendered":"\n<p>L\u2019auditori del CMC acollir\u00e0, el dijous 18 de desembre, un conta contes nadalenc. L\u2019activitat, de car\u00e0cter familiar, comen\u00e7ar\u00e0 a les 17:45 h i anir\u00e0 a c\u00e0rrec de M\u00f2nica Torra. Es tracta d\u2019un recull de contes plens de generositat, sorpreses i molt d\u2019amor que ens faran reflexionar sobre quin volem que sigui l\u2019esperit d\u2019aquestes festes.<\/p>\n\n\n\n<hr class=\"wp-block-separator has-alpha-channel-opacity\"\/>\n\n\n\n<p>El auditorio del CMC acoger\u00e1, el jueves 18 de diciembre, un cuentacuentos navide\u00f1o. La actividad, de car\u00e1cter familiar, empezar\u00e1 a las 17:45h e ir\u00e1 a cargo de M\u00f2nica Torra. Se trata de una recopilaci\u00f3n de cuentos llenos de generosidad, sorpresas y mucho amor que nos har\u00e1n reflexionar sobre cu\u00e1l queremos que sea el esp\u00edritu de estas fiestas.<\/p>\n","protected":false},"excerpt":{"rendered":"<p>L\u2019auditori del CMC acollir\u00e0, el dijous 18 de desembre, un conta contes nadalenc. L\u2019activitat, de car\u00e0cter familiar, comen\u00e7ar\u00e0 a les 17:45 h i anir\u00e0 a c\u00e0rrec de M\u00f2nica Torra. Es &hellip; <a href=\"https:\/\/bisbalpenedes.com\/web\/2025\/12\/15\/contes-dolcos-com-torrons-aquest-dijous-no-us-perdeu-les-histories-nadalenques-que-explicara-la-monica-torra-a-lauditori-del-cmc\/\" class=\"more-link\">Read More<\/a><\/p>\n","protected":false},"author":4,"featured_media":35605,"comment_status":"closed","ping_status":"closed","sticky":false,"template":"","format":"standard","meta":[],"categories":[2942,2478,13,8],"tags":[7264,225,393,4622,95],"_links":{"self":[{"href":"https:\/\/bisbalpenedes.com\/web\/wp-json\/wp\/v2\/posts\/35604"}],"collection":[{"href":"https:\/\/bisbalpenedes.com\/web\/wp-json\/wp\/v2\/posts"}],"about":[{"href":"https:\/\/bisbalpenedes.com\/web\/wp-json\/wp\/v2\/types\/post"}],"author":[{"embeddable":true,"href":"https:\/\/bisbalpenedes.com\/web\/wp-json\/wp\/v2\/users\/4"}],"replies":[{"embeddable":true,"href":"https:\/\/bisbalpenedes.com\/web\/wp-json\/wp\/v2\/comments?post=35604"}],"version-history":[{"count":1,"href":"https:\/\/bisbalpenedes.com\/web\/wp-json\/wp\/v2\/posts\/35604\/revisions"}],"predecessor-version":[{"id":35606,"href":"https:\/\/bisbalpenedes.com\/web\/wp-json\/wp\/v2\/posts\/35604\/revisions\/35606"}],"wp:featuredmedia":[{"embeddable":true,"href":"https:\/\/bisbalpenedes.com\/web\/wp-json\/wp\/v2\/media\/35605"}],"wp:attachment":[{"href":"https:\/\/bisbalpenedes.com\/web\/wp-json\/wp\/v2\/media?parent=35604"}],"wp:term":[{"taxonomy":"category","embeddable":true,"href":"https:\/\/bisbalpenedes.com\/web\/wp-json\/wp\/v2\/categories?post=35604"},{"taxonomy":"post_tag","embeddable":true,"href":"https:\/\/bisbalpenedes.com\/web\/wp-json\/wp\/v2\/tags?post=35604"}],"curies":[{"name":"wp","href":"https:\/\/api.w.org\/{rel}","templated":true}]}}