{"id":35589,"date":"2025-12-15T16:48:57","date_gmt":"2025-12-15T14:48:57","guid":{"rendered":"https:\/\/bisbalpenedes.com\/web\/?p=35589"},"modified":"2025-12-15T16:48:58","modified_gmt":"2025-12-15T14:48:58","slug":"lajuntament-de-la-bisbal-del-penedes-aprova-un-conveni-amb-el-consell-comarcal-del-baix-penedes-per-ampliar-la-capacitat-duna-ruta-de-bus-escolar","status":"publish","type":"post","link":"https:\/\/bisbalpenedes.com\/web\/2025\/12\/15\/lajuntament-de-la-bisbal-del-penedes-aprova-un-conveni-amb-el-consell-comarcal-del-baix-penedes-per-ampliar-la-capacitat-duna-ruta-de-bus-escolar\/","title":{"rendered":"<strong>L&#8217;Ajuntament de la Bisbal del Pened\u00e8s aprova un conveni amb el Consell Comarcal del Baix Pened\u00e8s per ampliar la capacitat d&#8217;una ruta de bus escolar<\/strong>"},"content":{"rendered":"\n<p>L\u2019Ajuntament de la Bisbal del Pened\u00e8s ha aprovat un conveni amb el Consell Comarcal del Baix Pened\u00e8s per ampliar la capacitat d\u2019una de les rutes de transport escolar del municipi, amb l\u2019objectiu de donar resposta a l\u2019increment de demandes registrades durant el curs 2025\/26.<\/p>\n\n\n\n<p>Una de les l\u00ednies de transport escolar gestionades pel Consell Comarcal es prestava, inicialment, amb un vehicle de capacitat insuficient per cobrir totes les sol\u00b7licituds rebudes. Davant d\u2019aquesta situaci\u00f3, i des de l\u2019inici del curs escolar, el servei s\u2019ha refor\u00e7at amb la substituci\u00f3 del vehicle per un autob\u00fas de m\u00e9s capacitat, amb entre 36 i 55 places.<\/p>\n\n\n\n<p>Paral\u00b7lelament, s\u2019ha treballat en la modificaci\u00f3 del conveni de transport escolar entre ambdues administracions, que ha estat aprovat a la Junta de Govern Local celebrada el dilluns 1 de desembre.<\/p>\n\n\n\n<p>El cost total de l\u2019ampliaci\u00f3 del servei ascendeix a 5.325,05 euros, dels quals 2.700 euros corresponen al cofinan\u00e7ament de les fam\u00edlies usu\u00e0ries del servei, mentre que els 2.625,05 euros restants s\u00f3n assumits per l\u2019Ajuntament de la Bisbal del Pened\u00e8s.<\/p>\n\n\n\n<p>El conveni aprovat t\u00e9 vig\u00e8ncia durant el curs escolar 2025\/26 i permet garantir un servei de transport escolar adequat a les necessitats reals de l\u2019alumnat i de les fam\u00edlies del municipi, assegurant unes condicions \u00f2ptimes de seguretat i confort.<\/p>\n\n\n\n<hr class=\"wp-block-separator has-alpha-channel-opacity\"\/>\n\n\n\n<p>El Ajuntament de la Bisbal del Pened\u00e8s ha aprobado un convenio con el Consell Comarcal del Baix Pened\u00e8s para ampliar la capacidad de una de las rutas de transporte escolar del municipio, con el objetivo de dar respuesta al incremento de solicitudes registrado durante el curso 2025\/26.<\/p>\n\n\n\n<p>Una de las l\u00edneas de transporte escolar gestionadas por el Consell Comarcal se prestaba inicialmente con un veh\u00edculo de capacidad insuficiente para cubrir todas las solicitudes recibidas. Ante esta situaci\u00f3n, y desde el inicio del curso escolar, el servicio se ha reforzado mediante la sustituci\u00f3n del veh\u00edculo por un autob\u00fas de mayor capacidad, con entre 36 y 55 plazas.<\/p>\n\n\n\n<p>Paralelamente, se ha trabajado en la modificaci\u00f3n del convenio de transporte escolar entre ambas administraciones, que ha sido aprobado en la Junta de Gobierno Local celebrada el lunes 1 de diciembre.<\/p>\n\n\n\n<p>El coste total de la ampliaci\u00f3n del servicio asciende a 5.325,05 euros, de los cuales 2.700 euros corresponden a la cofinanciaci\u00f3n de las familias usuarias del servicio, mientras que los 2.625,05 euros restantes son asumidos por el Ajuntament de la Bisbal del Pened\u00e8s.<\/p>\n\n\n\n<p>El convenio aprobado tiene vigencia durante el curso escolar 2025\/26 y permite garantizar un servicio de transporte escolar adecuado a las necesidades reales del alumnado y de las familias del municipio, asegurando unas condiciones \u00f3ptimas de seguridad y confort.<\/p>\n","protected":false},"excerpt":{"rendered":"<p>L\u2019Ajuntament de la Bisbal del Pened\u00e8s ha aprovat un conveni amb el Consell Comarcal del Baix Pened\u00e8s per ampliar la capacitat d\u2019una de les rutes de transport escolar del municipi, &hellip; <a href=\"https:\/\/bisbalpenedes.com\/web\/2025\/12\/15\/lajuntament-de-la-bisbal-del-penedes-aprova-un-conveni-amb-el-consell-comarcal-del-baix-penedes-per-ampliar-la-capacitat-duna-ruta-de-bus-escolar\/\" class=\"more-link\">Read More<\/a><\/p>\n","protected":false},"author":4,"featured_media":35590,"comment_status":"closed","ping_status":"closed","sticky":false,"template":"","format":"standard","meta":[],"categories":[3456,8],"tags":[3638,2083,1056,393],"_links":{"self":[{"href":"https:\/\/bisbalpenedes.com\/web\/wp-json\/wp\/v2\/posts\/35589"}],"collection":[{"href":"https:\/\/bisbalpenedes.com\/web\/wp-json\/wp\/v2\/posts"}],"about":[{"href":"https:\/\/bisbalpenedes.com\/web\/wp-json\/wp\/v2\/types\/post"}],"author":[{"embeddable":true,"href":"https:\/\/bisbalpenedes.com\/web\/wp-json\/wp\/v2\/users\/4"}],"replies":[{"embeddable":true,"href":"https:\/\/bisbalpenedes.com\/web\/wp-json\/wp\/v2\/comments?post=35589"}],"version-history":[{"count":1,"href":"https:\/\/bisbalpenedes.com\/web\/wp-json\/wp\/v2\/posts\/35589\/revisions"}],"predecessor-version":[{"id":35591,"href":"https:\/\/bisbalpenedes.com\/web\/wp-json\/wp\/v2\/posts\/35589\/revisions\/35591"}],"wp:featuredmedia":[{"embeddable":true,"href":"https:\/\/bisbalpenedes.com\/web\/wp-json\/wp\/v2\/media\/35590"}],"wp:attachment":[{"href":"https:\/\/bisbalpenedes.com\/web\/wp-json\/wp\/v2\/media?parent=35589"}],"wp:term":[{"taxonomy":"category","embeddable":true,"href":"https:\/\/bisbalpenedes.com\/web\/wp-json\/wp\/v2\/categories?post=35589"},{"taxonomy":"post_tag","embeddable":true,"href":"https:\/\/bisbalpenedes.com\/web\/wp-json\/wp\/v2\/tags?post=35589"}],"curies":[{"name":"wp","href":"https:\/\/api.w.org\/{rel}","templated":true}]}}