{"id":35579,"date":"2025-12-15T17:30:00","date_gmt":"2025-12-15T15:30:00","guid":{"rendered":"https:\/\/bisbalpenedes.com\/web\/?p=35579"},"modified":"2025-12-15T16:32:17","modified_gmt":"2025-12-15T14:32:17","slug":"comunicat-dalcaldia-del-15-de-desembre-de-2025","status":"publish","type":"post","link":"https:\/\/bisbalpenedes.com\/web\/2025\/12\/15\/comunicat-dalcaldia-del-15-de-desembre-de-2025\/","title":{"rendered":"Comunicat d&#8217;alcaldia del 15 de desembre de 2025"},"content":{"rendered":"\n<p>La secci\u00f3 cinquena de la sala contenciosa administrativa del Tribunal Superior de Just\u00edcia de Catalunya, ha desestimat la mesura cautelar presentada pel Sr. Deluca regidor de La Bisbal Decideix.<\/p>\n\n\n\n<p>Aix\u00ed ho van fer saber a l&#8217;Ajuntament de la Bisbal del Pened\u00e8s, el passat 12 de desembre, els serveis de defensa jur\u00eddica contractats per l\u2019Ajuntament per al recurs contenci\u00f3s administratiu presentat pel regidor Mart\u00ed Deluca.<\/p>\n\n\n\n<p>La mesura cautelar que sol\u00b7licitava el regidor Mart\u00ed Deluca -i que el Tribunal ha desestimat- era aturar el procediment de modificaci\u00f3 de Normes Subsidi\u00e0ries de Les Planes del Vent de manera cautelar mentre no es resolgu\u00e9s el contenci\u00f3s administratiu que va interposar.<\/p>\n\n\n\n<p>L&#8217;1 de juliol es va presentar a l\u2019Ajuntament l\u2019ofici de la sala contenciosa administrativa secci\u00f3 cinquena del Tribunal Superior de Just\u00edcia de Catalunya en relaci\u00f3 al recurs contenci\u00f3s administratiu interposat pel Sr. Mart\u00edn Deluca Silberberg contra la resoluci\u00f3 d\u2019alcaldia de data 24 d\u2019abril de 2025 i 16 de maig de 2025.<br><br>La resoluci\u00f3 del 24 d\u2019abril \u00e9s on s\u2019inadmetia el recurs interposat pel mateix Sr. Mart\u00edn Deluca on denunciava irregularitats en l\u2019aprovaci\u00f3 inicial de la modificaci\u00f3 puntual de les Normes subsidi\u00e0ries amb ordenaci\u00f3 detallada de Les Planes del Vent.<br><br>La resoluci\u00f3 del 16 de maig \u00e9s on es desestimava el recurs de reposici\u00f3 presentat pel mateix Sr. Mart\u00edn Deluca on sol\u00b7licitava anul\u00b7lar els acords de desestimaci\u00f3 de la recusaci\u00f3 de l\u2019alcaldessa Agn\u00e8s Ferr\u00e9 i de mi mateixa, la regidora Judith Vidal.<\/p>\n\n\n\n<p class=\"has-text-align-right\">L&#8217;alcaldessa accidental,<\/p>\n\n\n\n<p class=\"has-text-align-right\">Judith Vidal i Vilella<\/p>\n\n\n\n<p class=\"has-text-align-right\">La Bisbal del Pened\u00e8s, 15 de desembre de 2025<\/p>\n\n\n\n<hr class=\"wp-block-separator has-alpha-channel-opacity\"\/>\n\n\n\n<h3 class=\"has-text-align-center\"><strong>Comunicado de alcald\u00eda del 15 de diciembre de 2025<\/strong><\/h3>\n\n\n\n<p>La Secci\u00f3n Quinta de la Sala de lo Contencioso-Administrativo del Tribunal Superior de Justicia de Catalu\u00f1a ha desestimado la medida cautelar presentada por el Sr. Deluca, concejal de La Bisbal Decideix.<\/p>\n\n\n\n<p>As\u00ed lo comunicaron al Ajuntament de la Bisbal del Pened\u00e8s, el pasado 12 de diciembre, los servicios de defensa jur\u00eddica contratados por el Ayuntamiento para el recurso contencioso-administrativo presentado por el concejal Mart\u00ed Deluca.<\/p>\n\n\n\n<p>La medida cautelar que solicitaba el concejal Mart\u00ed Deluca \u2014y que el Tribunal ha desestimado\u2014 consist\u00eda en suspender cautelarmente el procedimiento de modificaci\u00f3n de las Normas Subsidiarias de Les Planes del Vent mientras no se resolviera el recurso contencioso-administrativo que interpuso.<\/p>\n\n\n\n<p>El 1 de julio se present\u00f3 en el Ayuntamiento el oficio de la Sala de lo Contencioso-Administrativo, Secci\u00f3n Quinta, del Tribunal Superior de Justicia de Catalu\u00f1a, en relaci\u00f3n con el recurso contencioso-administrativo interpuesto por el Sr. Mart\u00edn Deluca Silberberg contra las resoluciones de alcald\u00eda de fecha 24 de abril de 2025 y 16 de mayo de 2025.<\/p>\n\n\n\n<p>La resoluci\u00f3n de 24 de abril es aquella en la que se inadmit\u00eda el recurso interpuesto por el propio Sr. Mart\u00edn Deluca, en el que denunciaba irregularidades en la aprobaci\u00f3n inicial de la modificaci\u00f3n puntual de las Normas Subsidiarias con ordenaci\u00f3n detallada de Les Planes del Vent.<\/p>\n\n\n\n<p>La resoluci\u00f3n de 16 de mayo es aquella en la que se desestimaba el recurso de reposici\u00f3n presentado por el mismo Sr. Mart\u00edn Deluca, en el que solicitaba anular los acuerdos de desestimaci\u00f3n de la recusaci\u00f3n de la alcaldesa Agn\u00e8s Ferr\u00e9 y de m\u00ed misma, la concejala Judith Vidal.<\/p>\n\n\n\n<p class=\"has-text-align-right\">La alcaldesa accidental,<\/p>\n\n\n\n<p class=\"has-text-align-right\">Judith Vidal Vilella<\/p>\n\n\n\n<p class=\"has-text-align-right\">La Bisbal del Pened\u00e8s, 15 de diciembre de 2025<\/p>\n","protected":false},"excerpt":{"rendered":"<p>La secci\u00f3 cinquena de la sala contenciosa administrativa del Tribunal Superior de Just\u00edcia de Catalunya, ha desestimat la mesura cautelar presentada pel Sr. Deluca regidor de La Bisbal Decideix. Aix\u00ed &hellip; <a href=\"https:\/\/bisbalpenedes.com\/web\/2025\/12\/15\/comunicat-dalcaldia-del-15-de-desembre-de-2025\/\" class=\"more-link\">Read More<\/a><\/p>\n","protected":false},"author":4,"featured_media":35587,"comment_status":"closed","ping_status":"closed","sticky":false,"template":"","format":"standard","meta":[],"categories":[2057,8],"tags":[3173,393,6311,7281],"_links":{"self":[{"href":"https:\/\/bisbalpenedes.com\/web\/wp-json\/wp\/v2\/posts\/35579"}],"collection":[{"href":"https:\/\/bisbalpenedes.com\/web\/wp-json\/wp\/v2\/posts"}],"about":[{"href":"https:\/\/bisbalpenedes.com\/web\/wp-json\/wp\/v2\/types\/post"}],"author":[{"embeddable":true,"href":"https:\/\/bisbalpenedes.com\/web\/wp-json\/wp\/v2\/users\/4"}],"replies":[{"embeddable":true,"href":"https:\/\/bisbalpenedes.com\/web\/wp-json\/wp\/v2\/comments?post=35579"}],"version-history":[{"count":4,"href":"https:\/\/bisbalpenedes.com\/web\/wp-json\/wp\/v2\/posts\/35579\/revisions"}],"predecessor-version":[{"id":35584,"href":"https:\/\/bisbalpenedes.com\/web\/wp-json\/wp\/v2\/posts\/35579\/revisions\/35584"}],"wp:featuredmedia":[{"embeddable":true,"href":"https:\/\/bisbalpenedes.com\/web\/wp-json\/wp\/v2\/media\/35587"}],"wp:attachment":[{"href":"https:\/\/bisbalpenedes.com\/web\/wp-json\/wp\/v2\/media?parent=35579"}],"wp:term":[{"taxonomy":"category","embeddable":true,"href":"https:\/\/bisbalpenedes.com\/web\/wp-json\/wp\/v2\/categories?post=35579"},{"taxonomy":"post_tag","embeddable":true,"href":"https:\/\/bisbalpenedes.com\/web\/wp-json\/wp\/v2\/tags?post=35579"}],"curies":[{"name":"wp","href":"https:\/\/api.w.org\/{rel}","templated":true}]}}