{"id":35549,"date":"2025-12-09T18:19:17","date_gmt":"2025-12-09T16:19:17","guid":{"rendered":"https:\/\/bisbalpenedes.com\/web\/?p=35549"},"modified":"2025-12-09T18:20:31","modified_gmt":"2025-12-09T16:20:31","slug":"a-partir-daquest-divendres-12-de-desembre-podreu-recollir-lalbum-dels-tions-de-la-bisbal-i-aconseguir-els-cromos-per-emplenar-lo-comprant-als-comercos-bisbalencs","status":"publish","type":"post","link":"https:\/\/bisbalpenedes.com\/web\/2025\/12\/09\/a-partir-daquest-divendres-12-de-desembre-podreu-recollir-lalbum-dels-tions-de-la-bisbal-i-aconseguir-els-cromos-per-emplenar-lo-comprant-als-comercos-bisbalencs\/","title":{"rendered":"A partir d&#8217;aquest divendres podreu recollir l&#8217;\u00e0lbum dels tions de la Bisbal i aconseguir els cromos als comer\u00e7os bisbalencs"},"content":{"rendered":"\n<p>L&#8217;Ajuntament de la Bisbal del Pened\u00e8s, des de les regidories de Cultura i Comer\u00e7, ha editat un \u00e0lbum de cromos per potenciar el coneixement del comer\u00e7 local, especialment entre el p\u00fablic infantil. Coincidint amb la campanya comercial<a rel=\"noreferrer noopener\" href=\"https:\/\/bisbalpenedes.com\/web\/2025\/12\/09\/el-12-de-desembre-comenca-la-campanya-comercial-troba-la-llum-del-nadal\/\" target=\"_blank\"> &#8216;Troba la Llum del Nadal&#8217;,<\/a> la biblioteca repartir\u00e0 un \u00e0lbum que es podr\u00e0 emplenar amb els cromos il\u00b7lustrats de 15 tions diferents, que es podran aconseguir comprant als comer\u00e7os bisbalencs adherits a la promoci\u00f3, <strong>entre el divendres 12 i el diumenge 21 de desembre.<\/strong><\/p>\n\n\n\n<p>L&#8217;objectiu de la campanya \u00e9s que tothom, especialment els infants, passegin pel poble i coneguin els comer\u00e7os de la Bisbal, tot mirant d&#8217;aconseguir els 15 cromos de la col\u00b7lecci\u00f3. <strong>L&#8217;\u00e0lbum es repartir\u00e0 a la biblioteca a partir de la tarda del divendres 12 de desembre<\/strong> i la campanya s&#8217;allargar\u00e0 fins al diumenge 21 de desembre al mat\u00ed. <strong>El dimarts 23 de desembre, a la tarda,<\/strong> la biblioteca far\u00e0 un <strong>taller d&#8217;intercanvi de cromos<\/strong> per a tots aquells infants que no hagin pogut completar l&#8217;\u00e0lbum.<\/p>\n\n\n\n<p>Aquesta iniciativa forma part de la campanya &#8220;Troba la Llum del Nadal&#8221;, que compta amb el suport de la Cambra de Tarragona i s&#8217;emmarca dins les l\u00ednies del futur Pla Municipal de Lectura de la Bisbal del Pened\u00e8s, concretament en la l\u00ednia d&#8217;acci\u00f3 que t\u00e9 per objectiu potenciar l&#8217;\u00fas i coneixement de la biblioteca i crear aliances entre els equipaments culturals i el teixit comercial del municipi. Per a aquesta primera edici\u00f3 -i prova pilot- s&#8217;han impr\u00e8s 350 \u00e0lbums i 7.000 cromos.<\/p>\n\n\n\n<p>Per a m\u00e9s informaci\u00f3 i per con\u00e8ixer el funcionament de la promoci\u00f3 i tots els comer\u00e7os adherits, podeu adre\u00e7ar-vos a la Biblioteca p\u00fablica de la Bisbal del Pened\u00e8s (pla\u00e7a Major, 11-13).<\/p>\n\n\n\n<hr class=\"wp-block-separator has-alpha-channel-opacity\"\/>\n\n\n\n<h4><strong>A partir de este viernes 12 de diciembre podr\u00e9is recoger el \u00e1lbum de los tions de la Bisbal y conseguir los cromos para completarlo comprando en los comercios bisbalenses<\/strong><\/h4>\n\n\n\n<p>El Ajuntament de la Bisbal del Pened\u00e8s, desde las concejal\u00edas de Cultura y Comercio, ha editado un \u00e1lbum de cromos con el objetivo de potenciar el conocimiento del comercio local, especialmente entre el p\u00fablico infantil. Coincidiendo con la campa\u00f1a comercial <a rel=\"noreferrer noopener\" href=\"https:\/\/bisbalpenedes.com\/web\/2025\/12\/09\/el-12-de-desembre-comenca-la-campanya-comercial-troba-la-llum-del-nadal\/\" target=\"_blank\">\u201cTroba la Llum del Nadal\u201d,<\/a> la biblioteca repartir\u00e1 un \u00e1lbum que se podr\u00e1 completar con los cromos ilustrados de 15 tions diferentes, que se podr\u00e1n conseguir comprando en los comercios de la Bisbal adheridos a la promoci\u00f3n,<strong> entre el viernes 12 y el domingo 21 de diciembre.<\/strong><\/p>\n\n\n\n<p>El objetivo de la campa\u00f1a es que todo el mundo, especialmente los ni\u00f1os y ni\u00f1as, paseen por el pueblo y conozcan los comercios de la Bisbal mientras intentan conseguir los 15 cromos de la colecci\u00f3n. <strong>El \u00e1lbum se repartir\u00e1 en la biblioteca a partir de la tarde del viernes 12 de diciembre<\/strong> y la campa\u00f1a se alargar\u00e1 hasta el domingo 21 de diciembre por la ma\u00f1ana. <strong>El martes 23 de diciembre, por la tarde<\/strong>, la biblioteca organizar\u00e1 un <strong>taller de intercambio de cromos <\/strong>para todos aquellos ni\u00f1os y ni\u00f1as que no hayan podido completar el \u00e1lbum.<\/p>\n\n\n\n<p>Esta iniciativa forma parte de la campa\u00f1a \u201cTroba la Llum del Nadal\u201d, que cuenta con el apoyo de la Cambra de Tarragona y se enmarca dentro de las l\u00edneas del futuro Pla Municipal de Lectura de la Bisbal del Pened\u00e8s, concretamente en la l\u00ednea de acci\u00f3n que tiene como objetivo potenciar el uso y el conocimiento de la biblioteca y crear alianzas entre los equipamientos culturales y el tejido comercial del municipio. Para esta primera edici\u00f3n \u2014y prueba piloto\u2014 se han impreso 350 \u00e1lbumes y 7.000 cromos.<\/p>\n\n\n\n<p>Para m\u00e1s informaci\u00f3n y para conocer el funcionamiento de la promoci\u00f3n y todos los comercios adheridos, pod\u00e9is dirigiros a la Biblioteca p\u00fablica de la Bisbal del Pened\u00e8s (pla\u00e7a Major, 11-13).<\/p>\n","protected":false},"excerpt":{"rendered":"<p>L&#8217;Ajuntament de la Bisbal del Pened\u00e8s, des de les regidories de Cultura i Comer\u00e7, ha editat un \u00e0lbum de cromos per potenciar el coneixement del comer\u00e7 local, especialment entre el &hellip; <a href=\"https:\/\/bisbalpenedes.com\/web\/2025\/12\/09\/a-partir-daquest-divendres-12-de-desembre-podreu-recollir-lalbum-dels-tions-de-la-bisbal-i-aconseguir-els-cromos-per-emplenar-lo-comprant-als-comercos-bisbalencs\/\" class=\"more-link\">Read More<\/a><\/p>\n","protected":false},"author":4,"featured_media":35550,"comment_status":"closed","ping_status":"closed","sticky":false,"template":"","format":"standard","meta":[],"categories":[2478,3860,13,8],"tags":[7276,459,7277,7275,181,393,95,1374],"_links":{"self":[{"href":"https:\/\/bisbalpenedes.com\/web\/wp-json\/wp\/v2\/posts\/35549"}],"collection":[{"href":"https:\/\/bisbalpenedes.com\/web\/wp-json\/wp\/v2\/posts"}],"about":[{"href":"https:\/\/bisbalpenedes.com\/web\/wp-json\/wp\/v2\/types\/post"}],"author":[{"embeddable":true,"href":"https:\/\/bisbalpenedes.com\/web\/wp-json\/wp\/v2\/users\/4"}],"replies":[{"embeddable":true,"href":"https:\/\/bisbalpenedes.com\/web\/wp-json\/wp\/v2\/comments?post=35549"}],"version-history":[{"count":2,"href":"https:\/\/bisbalpenedes.com\/web\/wp-json\/wp\/v2\/posts\/35549\/revisions"}],"predecessor-version":[{"id":35552,"href":"https:\/\/bisbalpenedes.com\/web\/wp-json\/wp\/v2\/posts\/35549\/revisions\/35552"}],"wp:featuredmedia":[{"embeddable":true,"href":"https:\/\/bisbalpenedes.com\/web\/wp-json\/wp\/v2\/media\/35550"}],"wp:attachment":[{"href":"https:\/\/bisbalpenedes.com\/web\/wp-json\/wp\/v2\/media?parent=35549"}],"wp:term":[{"taxonomy":"category","embeddable":true,"href":"https:\/\/bisbalpenedes.com\/web\/wp-json\/wp\/v2\/categories?post=35549"},{"taxonomy":"post_tag","embeddable":true,"href":"https:\/\/bisbalpenedes.com\/web\/wp-json\/wp\/v2\/tags?post=35549"}],"curies":[{"name":"wp","href":"https:\/\/api.w.org\/{rel}","templated":true}]}}