{"id":35537,"date":"2025-12-09T17:27:54","date_gmt":"2025-12-09T15:27:54","guid":{"rendered":"https:\/\/bisbalpenedes.com\/web\/?p=35537"},"modified":"2026-01-15T09:35:51","modified_gmt":"2026-01-15T07:35:51","slug":"el-12-de-desembre-comenca-la-campanya-comercial-troba-la-llum-del-nadal","status":"publish","type":"post","link":"https:\/\/bisbalpenedes.com\/web\/2025\/12\/09\/el-12-de-desembre-comenca-la-campanya-comercial-troba-la-llum-del-nadal\/","title":{"rendered":"El 12 de desembre comen\u00e7a la campanya comercial \u2018Troba la Llum del Nadal\u2019"},"content":{"rendered":"\n<h4>Enguany la Bisbal tamb\u00e9 celebrar\u00e0 la Fira de Nadal i es far\u00e0 el Ti\u00f3 Gegant<\/h4>\n\n\n\n<h4>Com a novetat, aquest 2025 s&#8217;ha editat un \u00e0lbum de cromos perqu\u00e8 els infants tombin i coneguin els comer\u00e7os del poble<\/h4>\n\n\n\n<p>L\u2019Ajuntament de la Bisbal del Pened\u00e8s i la Cambra de Comer\u00e7 de Tarragona duen a terme, un any m\u00e9s, una campanya per dinamitzar i donar visibilitat al teixit comercial bisbalenc abans de les festes de Nadal. Per aquest motiu, <strong>del 12 al 21 de desembre <\/strong>es premiar\u00e0 la fidelitat dels ve\u00efns i les ve\u00efnes que comprin a la Bisbal del Pened\u00e8s amb obsequis, promocions i amb la participaci\u00f3 en un sorteig de tres lots de productes bisbalencs. <strong>Per la compra en vuit establiments diferents, els bisbalencs i bisbalenques rebran un obsequi per part del vuit\u00e8 comer\u00e7 i un altre per part de l\u2019Ajuntament<\/strong>. En aquesta nova edici\u00f3, rebran una bola de nadal lluminosa als comer\u00e7os i un davantal amb un mural del municipi impr\u00e8s, quan s&#8217;adrecin a La Casa de la Vila.<\/p>\n\n\n\n<p>La regidora de Comer\u00e7 i Turisme, Judith Vidal, ha explicat que: <em>a la Bisbal del Pened\u00e8s tenim un teixit comercial en constant creixement que, a m\u00e9s, destaca per la seva creativitat i innovaci\u00f3. Per a nosaltres \u00e9s un goig poder tirar endavant campanyes com la de &#8216;Troba la Llum del Nadal&#8217; juntament amb la Cambra de Comer\u00e7 per contribuir a la seva promoci\u00f3.<\/em> Quant als davantals que es regalaran durant la campanya, Vidal ha detallat que <em>vam pensar que \u00e9s una pe\u00e7a de roba que es fa servir a la majoria de les cases i sempre intentem oferir obsequis que puguin ser \u00fatils di\u00e0riament, per\u00f2 que, alhora, tinguin una empremta clarament bisbalenca.<\/em><\/p>\n\n\n\n<p><strong>El divendres 12 de desembre,<\/strong> coincidint amb l&#8217;inici de la campanya &#8216;Troba la Llum del Nadal&#8217;, es far\u00e0 la ja tradicional <strong>encesa de llums<\/strong>. La cita ser\u00e0 a la pla\u00e7a de l&#8217;Esgl\u00e9sia, a les 18.30h i, tot seguit, hi haur\u00e0 <strong>xocolatada i animaci\u00f3 familiar.<\/strong><\/p>\n\n\n\n<p>El mateix dia, <strong>la biblioteca comen\u00e7ar\u00e0 a repartir els <a href=\"https:\/\/bisbalpenedes.com\/web\/2025\/12\/09\/a-partir-daquest-divendres-12-de-desembre-podreu-recollir-lalbum-dels-tions-de-la-bisbal-i-aconseguir-els-cromos-per-emplenar-lo-comprant-als-comercos-bisbalencs\/\" target=\"_blank\" rel=\"noreferrer noopener\">\u00e0lbums de cromos dels tions de la Bisbal<\/a><\/strong>. Es tracta d&#8217;un llibret amb espai per a 15 cromos il\u00b7lustrats amb diferents tions que els infants hauran de cercar pels diferents comer\u00e7os del municipi amb l&#8217;objectiu d&#8217;emplenar la col\u00b7lecci\u00f3. Per a aquesta primera edici\u00f3 s&#8217;han impr\u00e8s 350 \u00e0lbums i 7.000 cromos, amb l&#8217;objectiu d&#8217;incentivar les compres a la Bisbal, ja que aquests es podran aconseguir fent compres als comer\u00e7os adherits a aquesta iniciativa.<\/p>\n\n\n\n<figure class=\"wp-block-image size-large\"><img loading=\"lazy\" width=\"768\" height=\"1024\" src=\"https:\/\/bisbalpenedes.com\/web\/wp-content\/uploads\/2025\/12\/1764856951962-768x1024.jpg\" alt=\"\" class=\"wp-image-35543\" srcset=\"https:\/\/bisbalpenedes.com\/web\/wp-content\/uploads\/2025\/12\/1764856951962-768x1024.jpg 768w, https:\/\/bisbalpenedes.com\/web\/wp-content\/uploads\/2025\/12\/1764856951962-225x300.jpg 225w, https:\/\/bisbalpenedes.com\/web\/wp-content\/uploads\/2025\/12\/1764856951962-1152x1536.jpg 1152w, https:\/\/bisbalpenedes.com\/web\/wp-content\/uploads\/2025\/12\/1764856951962-1536x2048.jpg 1536w, https:\/\/bisbalpenedes.com\/web\/wp-content\/uploads\/2025\/12\/1764856951962-600x800.jpg 600w, https:\/\/bisbalpenedes.com\/web\/wp-content\/uploads\/2025\/12\/1764856951962-scaled.jpg 1920w\" sizes=\"(max-width: 768px) 100vw, 768px\" \/><\/figure>\n\n\n\n<p><strong>El divendres 19 de desembre, es tornar\u00e0 a celebrar la &#8216;Fira de Nadal&#8217;,<\/strong> amb la participaci\u00f3 de m\u00e9s d&#8217;una vintena de parades d&#8217;artesania, productes locals i tastos de menjar, vins i caves; i el <strong>dissabte 20 de desembre tornar\u00e0 el Ti\u00f3 gegant<\/strong> a la pla\u00e7a Catalunya.<\/p>\n\n\n\n<p><strong>La campanya comercial \u2018Troba la Llum del Nadal\u2019<\/strong> ja s\u2019ha convertit en una tradici\u00f3 bisbalenca. Enguany, arriba a la seva 6a edici\u00f3 amb la participaci\u00f3 d&#8217;una quarantena de comer\u00e7os i empreses de serveis de la Bisbal del Pened\u00e8s que oferiran ofertes i promocions als seus clients i que faran publicitat de les seves iniciatives a trav\u00e9s de les xarxes socials. De fet, una vegada m\u00e9s, el teixit comercial bisbalenc ha participat en una formaci\u00f3 que, aquest 2025, s&#8217;ha centrat en l&#8217;\u00fas de la intel\u00b7lig\u00e8ncia artificial per a la confecci\u00f3 de les promocions dels establiments i empreses. Concretament, els participants han apr\u00e8s a utilitzar GhatGPT com a assistent per a crear textos per a xarxes socials, generar idees per a promocions, cartells, missatges i, en definitiva, per facilitar les seves tasques de promoci\u00f3 a internet.<\/p>\n\n\n\n<p>Enguany, tretze comer\u00e7os bisbalencs se sumaran a la <strong>Fira de Nadal,<\/strong> que aplegar\u00e0 vint-i-tres parades -del municipi i d\u2019altres indrets- el <strong>divendres 19 de desembre de 17h a 22h a la pla\u00e7a de l&#8217;Esgl\u00e9sia. <\/strong>Aquella mateixa tarda, arribar\u00e0 el Patge Reial i els infants podran donar-li la seva carta. A m\u00e9s, tamb\u00e9 comptarem amb la visita del Pare Noel i s&#8217;oferir\u00e0 un taller gratu\u00eft per fer llibretes.<\/p>\n\n\n\n<figure class=\"wp-block-image size-large\"><img loading=\"lazy\" width=\"1024\" height=\"768\" src=\"https:\/\/bisbalpenedes.com\/web\/wp-content\/uploads\/2025\/12\/FIRA-DE-NADAL-2024-1-1024x768.jpg\" alt=\"\" class=\"wp-image-35542\" srcset=\"https:\/\/bisbalpenedes.com\/web\/wp-content\/uploads\/2025\/12\/FIRA-DE-NADAL-2024-1-1024x768.jpg 1024w, https:\/\/bisbalpenedes.com\/web\/wp-content\/uploads\/2025\/12\/FIRA-DE-NADAL-2024-1-300x225.jpg 300w, https:\/\/bisbalpenedes.com\/web\/wp-content\/uploads\/2025\/12\/FIRA-DE-NADAL-2024-1-768x576.jpg 768w, https:\/\/bisbalpenedes.com\/web\/wp-content\/uploads\/2025\/12\/FIRA-DE-NADAL-2024-1-1536x1152.jpg 1536w, https:\/\/bisbalpenedes.com\/web\/wp-content\/uploads\/2025\/12\/FIRA-DE-NADAL-2024-1-600x450.jpg 600w, https:\/\/bisbalpenedes.com\/web\/wp-content\/uploads\/2025\/12\/FIRA-DE-NADAL-2024-1.jpg 2048w\" sizes=\"(max-width: 1024px) 100vw, 1024px\" \/><figcaption><sub>Imatge d&#8217;arxiu: Fira de Nadal 2024<\/sub><\/figcaption><\/figure>\n\n\n\n<p>L&#8217;endem\u00e0, <strong>dissabte 20 de desembre,<\/strong> entre les 10:30h i les 12:30h les fam\u00edlies podran anar a fer cagar el <strong>Ti\u00f3 gegant <\/strong>que hi haur\u00e0 a la pla\u00e7a Catalunya.<\/p>\n\n\n\n<figure class=\"wp-block-image size-large\"><img loading=\"lazy\" width=\"768\" height=\"1024\" src=\"https:\/\/bisbalpenedes.com\/web\/wp-content\/uploads\/2025\/12\/TIO\u0301-GEGANT-2024-768x1024.jpg\" alt=\"\" class=\"wp-image-35544\" srcset=\"https:\/\/bisbalpenedes.com\/web\/wp-content\/uploads\/2025\/12\/TIO\u0301-GEGANT-2024-768x1024.jpg 768w, https:\/\/bisbalpenedes.com\/web\/wp-content\/uploads\/2025\/12\/TIO\u0301-GEGANT-2024-225x300.jpg 225w, https:\/\/bisbalpenedes.com\/web\/wp-content\/uploads\/2025\/12\/TIO\u0301-GEGANT-2024-1152x1536.jpg 1152w, https:\/\/bisbalpenedes.com\/web\/wp-content\/uploads\/2025\/12\/TIO\u0301-GEGANT-2024-600x800.jpg 600w, https:\/\/bisbalpenedes.com\/web\/wp-content\/uploads\/2025\/12\/TIO\u0301-GEGANT-2024.jpg 1536w\" sizes=\"(max-width: 768px) 100vw, 768px\" \/><figcaption><sub>Imatge d&#8217;arxiu: Ti\u00f3 Gegant 2024<\/sub><\/figcaption><\/figure>\n\n\n\n<p><strong>FUNCIONAMENT DE LA CAMPANYA &#8220;TROBA LA LLUM DEL NADAL&#8221;<\/strong><\/p>\n\n\n\n<p>El funcionament de la campanya ser\u00e0 el seg\u00fcent: els clients que adquireixin serveis o vagin a comprar als comer\u00e7os bisbalencs, podran anar omplint una butlleta amb els segells de les botigues. Quan tinguin el segell de vuit establiments diferents, l\u2019establiment que posi el vuit\u00e8 segell obsequiar\u00e0 el client amb la llum del Nadal -que \u00e9s una bola de Nadal de sobretaula amb llum a l&#8217;interior- i, despr\u00e9s, es podran adre\u00e7ar a l\u2019Ajuntament amb la butlleta emplenada per rebre el seu davantal -hi haur\u00e0 quatre colors diferents i comptaran amb l&#8217;estampaci\u00f3 d&#8217;un mural de la Bisbal, amb dos diferents- i participar en el sorteig de tres lots de productes bisbalencs. A m\u00e9s, els establiments participants oferiran promocions.<\/p>\n\n\n\n<p>La campanya, com \u00e9s habitual, es vehicula a trav\u00e9s de l\u2019etiqueta <em><strong>#JoComproALaBisbal <\/strong><\/em>i els clients poden utilitzar aquesta mateixa etiqueta per publicar fotografies amb productes bisbalencs o relacionades amb la campanya comercial i Nadal.<\/p>\n\n\n\n<p>El sorteig dels tres lots de productes bisbalencs es far\u00e0 el dimarts 23 de desembre, a les 13h, en directe al perfil d\u2019Instagram de l\u2019Ajuntament de la Bisbal del Pened\u00e8s: <a href=\"http:\/\/www.instagram.com\/bisbalpenedes\" target=\"_blank\" rel=\"noreferrer noopener\">www.instagram.com\/bisbalpenedes<\/a> (@bisbalpenedes).<\/p>\n\n\n\n<p><strong>FUNCIONAMENT DELS CROMOS DELS TIONS DE LA BISBAL<\/strong><\/p>\n\n\n\n<p>La promoci\u00f3 comen\u00e7ar\u00e0 el divendres 12 de desembre a la tarda i s&#8217;allargar\u00e0 fins al diumenge 21 de desembre al mat\u00ed. Els \u00e0lbums es podran recollir gratu\u00eftament a la biblioteca (pla\u00e7a Major, 11-13) i els cromos es podran aconseguir comprant als comer\u00e7os de la Bisbal del Pened\u00e8s que s&#8217;hagin adherit a la iniciativa. El dimarts 23 de desembre, la biblioteca acollir\u00e0 un taller d&#8217;intercanvi de cromos per a tots aquells infants que no hagin pogut completar l&#8217;<a href=\"https:\/\/bisbalpenedes.com\/web\/2025\/12\/09\/a-partir-daquest-divendres-12-de-desembre-podreu-recollir-lalbum-dels-tions-de-la-bisbal-i-aconseguir-els-cromos-per-emplenar-lo-comprant-als-comercos-bisbalencs\/\">\u00e0lbum<\/a>.<\/p>\n\n\n\n<p><strong>QUARTA GALA DEL COMER\u00c7 BISBALENC<\/strong><\/p>\n\n\n\n<p>El dia 11 de desembre, l\u2019Ajuntament de la Bisbal del Pened\u00e8s celebrar\u00e0 la 4a edici\u00f3 de la \u2018Gran Festa del Comer\u00e7 i Serveis de la Bisbal\u2019 o &#8216;Nit del comer\u00e7&#8217;, un esdeveniment adre\u00e7at als establiments comercials de la Bisbal del Pened\u00e8s que t\u00e9 per objectiu crear sinergies entre els diferents comer\u00e7os, motivar-los i compartir una bona estona amb un sopar a peu dret. Aquesta gala es du a terme el dia abans de l\u2019inici de campanya amb l&#8217;objectiu de poder compartir i resoldre dubtes just abans de l\u2019inici d\u2019aquesta i perqu\u00e8 els establiments rebin tot el material per tirar endavant la iniciativa comercial.<\/p>\n\n\n\n<p><sup><strong>*Foto de la portada: Ra\u00fal Gallego<\/strong><\/sup><\/p>\n\n\n\n<hr class=\"wp-block-separator has-alpha-channel-opacity\"\/>\n\n\n\n<h3>El 12 de diciembre comienza la campa\u00f1a comercial \u2018Troba la Llum del Nadal\u2019<\/h3>\n\n\n\n<h4>Este a\u00f1o, la Bisbal tambi\u00e9n celebrar\u00e1 la Fira de Nadal y el Ti\u00f3 Gigante<\/h4>\n\n\n\n<h4>Como novedad, este 2025 se ha editado un \u00e1lbum de cromos para que los ni\u00f1os y ni\u00f1as recorran y conozcan los comercios del pueblo<\/h4>\n\n\n\n<p>El Ajuntament de la Bisbal del Pened\u00e8s y la Cambra de Comer\u00e7 de Tarragona llevan a cabo, un a\u00f1o m\u00e1s, una campa\u00f1a para dinamizar y dar visibilidad al tejido comercial bisbalenc antes de las fiestas de Navidad. Por este motivo, <strong>del 12 al 21 de diciembre <\/strong>se premiar\u00e1 la fidelidad de los vecinos y vecinas que compren en la Bisbal del Pened\u00e8s con obsequios, promociones y la participaci\u00f3n en un sorteo de tres lotes de productos bisbalencs. <strong>Por la compra en ocho establecimientos distintos, los bisbalencs y bisbalenques recibir\u00e1n un obsequio por parte del octavo comercio y otro por parte del Ajuntament<\/strong>. En esta nueva edici\u00f3n recibir\u00e1n una bola de Navidad luminosa en los comercios y un delantal con un mural del municipio impreso, cuando se dirijan a La Casa de la Vila.<\/p>\n\n\n\n<p>La concejala de Comercio y Turismo, Judith Vidal, ha explicado que: <em>en la Bisbal del Pened\u00e8s tenemos un tejido comercial en constante crecimiento que, adem\u00e1s, destaca por su creatividad e innovaci\u00f3n. Para nosotros es un placer poder llevar a cabo campa\u00f1as como la de \u2018Troba la Llum del Nadal\u2019 junto con la Cambra de Comer\u00e7 para contribuir a su promoci\u00f3n.<\/em> En cuanto a los delantales que se regalar\u00e1n durante la campa\u00f1a, Vidal ha detallado que <em>pensamos que es una prenda que se utiliza en la mayor\u00eda de los hogares y siempre intentamos ofrecer obsequios que puedan ser \u00fatiles en el d\u00eda a d\u00eda pero que, al mismo tiempo, tengan una huella claramente bisbalenca<\/em>.<\/p>\n\n\n\n<p><strong>El viernes 12 de diciembre<\/strong>, coincidiendo con el inicio de la campa\u00f1a \u2018Troba la Llum del Nadal\u2019, se celebrar\u00e1 la ya tradicional <strong>encendida de luces.<\/strong> La cita ser\u00e1 en la plaza de l\u2019Esgl\u00e9sia, a las 18.30 h y, a continuaci\u00f3n, habr\u00e1 <strong>chocolatada y animaci\u00f3n familiar.<\/strong><\/p>\n\n\n\n<p>Ese mismo d\u00eda, <strong>la biblioteca empezar\u00e1 a repartir <\/strong><a href=\"https:\/\/bisbalpenedes.com\/web\/2025\/12\/09\/a-partir-daquest-divendres-12-de-desembre-podreu-recollir-lalbum-dels-tions-de-la-bisbal-i-aconseguir-els-cromos-per-emplenar-lo-comprant-als-comercos-bisbalencs\/\" target=\"_blank\" rel=\"noreferrer noopener\"><strong>los \u00e1lbumes de cromos de los tions de la Bisbal<\/strong>. <\/a>Se trata de un libreto con espacio para 15 cromos ilustrados con diferentes tions que los ni\u00f1os y ni\u00f1as deber\u00e1n buscar por los distintos comercios del municipio con el objetivo de completar la colecci\u00f3n. Para esta primera edici\u00f3n se han impreso 350 \u00e1lbumes y 7.000 cromos, con el objetivo de incentivar las compras en la Bisbal, ya que estos se podr\u00e1n conseguir realizando compras en los comercios adheridos a esta iniciativa.<\/p>\n\n\n\n<p><strong>El viernes 19 de diciembre se volver\u00e1 a celebrar la \u2018Fira de Nadal\u2019,<\/strong> con la participaci\u00f3n de m\u00e1s de una veintena de paradas de artesan\u00eda, productos locales y degustaciones de comida, vinos y cavas; y <strong>el s\u00e1bado 20 de diciembre volver\u00e1 el Ti\u00f3 gigante <\/strong>a la plaza Catalunya.<\/p>\n\n\n\n<p><strong>La campa\u00f1a comercial \u2018Troba la Llum del Nadal\u2019 <\/strong>ya se ha convertido en una tradici\u00f3n bisbalenca. Este a\u00f1o llega a su 6.\u00aa edici\u00f3n con la participaci\u00f3n de una cuarentena de comercios y empresas de servicios de la Bisbal del Pened\u00e8s, que ofrecer\u00e1n ofertas y promociones a sus clientes y har\u00e1n publicidad de sus iniciativas a trav\u00e9s de las redes sociales. De hecho, una vez m\u00e1s, el tejido comercial bisbalenc ha participado en una formaci\u00f3n que este 2025 se ha centrado en el uso de la inteligencia artificial para la elaboraci\u00f3n de las promociones de los establecimientos y empresas. Concretamente, los participantes han aprendido a utilizar ChatGPT como asistente para crear textos para redes sociales, generar ideas para promociones, carteles, mensajes y, en definitiva, para facilitar sus tareas de promoci\u00f3n en internet.<\/p>\n\n\n\n<p>Este a\u00f1o, trece comercios bisbalencs se sumar\u00e1n a la<strong> Fira de Nadal,<\/strong> que reunir\u00e1 veintitr\u00e9s paradas -del municipio y de otros lugares- el <strong>viernes 19 de diciembre de 17 h a 22 h en la plaza de l\u2019Esgl\u00e9sia. <\/strong>Esa misma tarde llegar\u00e1 el Paje Real y los ni\u00f1os y ni\u00f1as podr\u00e1n entregarle su carta. Adem\u00e1s, tambi\u00e9n contaremos con la visita de Pap\u00e1 Noel y se ofrecer\u00e1 un taller gratuito para hacer libretas.<\/p>\n\n\n\n<p>Al d\u00eda siguiente,<strong> s\u00e1bado 20 de diciembre, <\/strong>entre las 10.30 h y las 12.30 h, las familias podr\u00e1n ir a hacer cagar el <strong>Ti\u00f3 gigante<\/strong> que habr\u00e1 en la plaza Catalunya.<\/p>\n\n\n\n<p><strong>FUNCIONAMIENTO DE LA CAMPA\u00d1A \u201cTROBA LA LLUM DEL NADAL\u201d<\/strong><\/p>\n\n\n\n<p>El funcionamiento de la campa\u00f1a ser\u00e1 el siguiente: los clientes que adquieran servicios o realicen compras en los comercios bisbalencs podr\u00e1n ir rellenando una papeleta con los sellos de las tiendas. Cuando tengan el sello de ocho establecimientos diferentes, el comercio que ponga el octavo sello obsequiar\u00e1 al cliente con la Llum del Nadal \u2014que es una bola de Navidad de sobremesa con luz en su interior\u2014 y, posteriormente, podr\u00e1n dirigirse al Ajuntament con la papeleta cumplimentada para recibir su delantal \u2014habr\u00e1 cuatro colores distintos y contar\u00e1n con la estampaci\u00f3n de un mural de la Bisbal, con dos modelos diferentes\u2014 y participar en el sorteo de tres lotes de productos bisbalencs. Adem\u00e1s, los establecimientos participantes ofrecer\u00e1n promociones.<\/p>\n\n\n\n<p>La campa\u00f1a, como es habitual, se vehicula a trav\u00e9s de la etiqueta <em><strong>#JoComproALaBisbal<\/strong><\/em> y los clientes pueden utilizar esta misma etiqueta para publicar fotograf\u00edas con productos bisbalencs o relacionadas con la campa\u00f1a comercial y la Navidad.<\/p>\n\n\n\n<p>El sorteo de los tres lotes de productos bisbalencs se realizar\u00e1 el martes 23 de diciembre, a las 13 h, en directo en el perfil de Instagram del Ajuntament de la Bisbal del Pened\u00e8s: <a href=\"http:\/\/www.instagram.com\/bisbalpenedes\">www.instagram.com\/bisbalpenedes<\/a> (@bisbalpenedes).<\/p>\n\n\n\n<p><strong>FUNCIONAMIENTO DE LOS CROMOS DE LOS TIONS DE LA BISBAL<\/strong><\/p>\n\n\n\n<p>La promoci\u00f3n comenzar\u00e1 el viernes 12 de diciembre por la tarde y se alargar\u00e1 hasta el domingo 21 de diciembre por la ma\u00f1ana. Los \u00e1lbumes se podr\u00e1n recoger gratuitamente en la biblioteca (pla\u00e7a Major, 11-13) y los cromos se podr\u00e1n conseguir comprando en los comercios de la Bisbal del Pened\u00e8s que se hayan adherido a la iniciativa. El martes 23 de diciembre, la biblioteca acoger\u00e1 un taller de intercambio de cromos para todos aquellos ni\u00f1os y ni\u00f1as que no hayan podido completar el <a href=\"https:\/\/bisbalpenedes.com\/web\/2025\/12\/09\/a-partir-daquest-divendres-12-de-desembre-podreu-recollir-lalbum-dels-tions-de-la-bisbal-i-aconseguir-els-cromos-per-emplenar-lo-comprant-als-comercos-bisbalencs\/\" target=\"_blank\" rel=\"noreferrer noopener\">\u00e1lbum.<\/a><\/p>\n\n\n\n<p><strong>CUARTA GALA DEL COMERCIO BISBALENC<\/strong><\/p>\n\n\n\n<p>El d\u00eda 11 de diciembre, el Ajuntament de la Bisbal del Pened\u00e8s celebrar\u00e1 la 4.\u00aa edici\u00f3n de la \u2018Gran Festa del Comer\u00e7 i Serveis de la Bisbal\u2019 o &#8216;Nit del comer\u00e7&#8217;, un evento dirigido a los establecimientos comerciales de la Bisbal del Pened\u00e8s que tiene como objetivo crear sinergias entre los diferentes comercios, motivarlos y compartir un buen rato con una cena tipo c\u00f3ctel. Esta gala se lleva a cabo el d\u00eda antes del inicio de la campa\u00f1a con el objetivo de poder compartir y resolver dudas justo antes de su inicio y para que los establecimientos reciban todo el material necesario para llevar adelante la iniciativa comercial.<\/p>\n","protected":false},"excerpt":{"rendered":"<p>Enguany la Bisbal tamb\u00e9 celebrar\u00e0 la Fira de Nadal i es far\u00e0 el Ti\u00f3 Gegant Com a novetat, aquest 2025 s&#8217;ha editat un \u00e0lbum de cromos perqu\u00e8 els infants tombin &hellip; <a href=\"https:\/\/bisbalpenedes.com\/web\/2025\/12\/09\/el-12-de-desembre-comenca-la-campanya-comercial-troba-la-llum-del-nadal\/\" class=\"more-link\">Read More<\/a><\/p>\n","protected":false},"author":4,"featured_media":35538,"comment_status":"closed","ping_status":"closed","sticky":false,"template":"","format":"standard","meta":[],"categories":[3860,8],"tags":[510,459,1251,4246,1491,7274,4204,393,6512,1374],"_links":{"self":[{"href":"https:\/\/bisbalpenedes.com\/web\/wp-json\/wp\/v2\/posts\/35537"}],"collection":[{"href":"https:\/\/bisbalpenedes.com\/web\/wp-json\/wp\/v2\/posts"}],"about":[{"href":"https:\/\/bisbalpenedes.com\/web\/wp-json\/wp\/v2\/types\/post"}],"author":[{"embeddable":true,"href":"https:\/\/bisbalpenedes.com\/web\/wp-json\/wp\/v2\/users\/4"}],"replies":[{"embeddable":true,"href":"https:\/\/bisbalpenedes.com\/web\/wp-json\/wp\/v2\/comments?post=35537"}],"version-history":[{"count":6,"href":"https:\/\/bisbalpenedes.com\/web\/wp-json\/wp\/v2\/posts\/35537\/revisions"}],"predecessor-version":[{"id":35888,"href":"https:\/\/bisbalpenedes.com\/web\/wp-json\/wp\/v2\/posts\/35537\/revisions\/35888"}],"wp:featuredmedia":[{"embeddable":true,"href":"https:\/\/bisbalpenedes.com\/web\/wp-json\/wp\/v2\/media\/35538"}],"wp:attachment":[{"href":"https:\/\/bisbalpenedes.com\/web\/wp-json\/wp\/v2\/media?parent=35537"}],"wp:term":[{"taxonomy":"category","embeddable":true,"href":"https:\/\/bisbalpenedes.com\/web\/wp-json\/wp\/v2\/categories?post=35537"},{"taxonomy":"post_tag","embeddable":true,"href":"https:\/\/bisbalpenedes.com\/web\/wp-json\/wp\/v2\/tags?post=35537"}],"curies":[{"name":"wp","href":"https:\/\/api.w.org\/{rel}","templated":true}]}}