{"id":35517,"date":"2025-12-09T11:48:38","date_gmt":"2025-12-09T09:48:38","guid":{"rendered":"https:\/\/bisbalpenedes.com\/web\/?p=35517"},"modified":"2025-12-09T11:48:38","modified_gmt":"2025-12-09T09:48:38","slug":"el-patge-reial-vindra-a-la-bisbal-el-19-de-desembre-coincidint-amb-la-fira-de-nadal","status":"publish","type":"post","link":"https:\/\/bisbalpenedes.com\/web\/2025\/12\/09\/el-patge-reial-vindra-a-la-bisbal-el-19-de-desembre-coincidint-amb-la-fira-de-nadal\/","title":{"rendered":"El Patge Reial vindr\u00e0 a la Bisbal el 19 de desembre coincidint amb la Fira de Nadal"},"content":{"rendered":"\n<p>Enguany, el Patge Reial ha decidit avan\u00e7ar la seva visita a la Bisbal del Pened\u00e8s. Vindr\u00e0 el 19 de desembre, coincidint amb la Fira de Nadal.<\/p>\n\n\n\n<hr class=\"wp-block-separator has-alpha-channel-opacity\"\/>\n\n\n\n<p>Este a\u00f1o, el Paje Real ha decidido adelantar su visita a la Bisbal del Pened\u00e8s. Vendr\u00e1 el 19 de diciembre, coincidiendo con la Fira de Nadal.<\/p>\n\n\n\n<figure class=\"wp-block-image size-large\"><img loading=\"lazy\" width=\"819\" height=\"1024\" src=\"https:\/\/bisbalpenedes.com\/web\/wp-content\/uploads\/2025\/12\/PATGE-REIAL-2025-819x1024.jpg\" alt=\"\" class=\"wp-image-35519\" srcset=\"https:\/\/bisbalpenedes.com\/web\/wp-content\/uploads\/2025\/12\/PATGE-REIAL-2025-819x1024.jpg 819w, https:\/\/bisbalpenedes.com\/web\/wp-content\/uploads\/2025\/12\/PATGE-REIAL-2025-240x300.jpg 240w, https:\/\/bisbalpenedes.com\/web\/wp-content\/uploads\/2025\/12\/PATGE-REIAL-2025-768x960.jpg 768w, https:\/\/bisbalpenedes.com\/web\/wp-content\/uploads\/2025\/12\/PATGE-REIAL-2025-600x750.jpg 600w, https:\/\/bisbalpenedes.com\/web\/wp-content\/uploads\/2025\/12\/PATGE-REIAL-2025.jpg 1080w\" sizes=\"(max-width: 819px) 100vw, 819px\" \/><\/figure>\n\n\n\n<figure class=\"wp-block-image size-large\"><img loading=\"lazy\" width=\"724\" height=\"1024\" src=\"https:\/\/bisbalpenedes.com\/web\/wp-content\/uploads\/2025\/12\/nadal2526G-1-724x1024.jpg\" alt=\"\" class=\"wp-image-35520\" srcset=\"https:\/\/bisbalpenedes.com\/web\/wp-content\/uploads\/2025\/12\/nadal2526G-1-724x1024.jpg 724w, https:\/\/bisbalpenedes.com\/web\/wp-content\/uploads\/2025\/12\/nadal2526G-1-212x300.jpg 212w, https:\/\/bisbalpenedes.com\/web\/wp-content\/uploads\/2025\/12\/nadal2526G-1-768x1086.jpg 768w, https:\/\/bisbalpenedes.com\/web\/wp-content\/uploads\/2025\/12\/nadal2526G-1-1086x1536.jpg 1086w, https:\/\/bisbalpenedes.com\/web\/wp-content\/uploads\/2025\/12\/nadal2526G-1-600x849.jpg 600w, https:\/\/bisbalpenedes.com\/web\/wp-content\/uploads\/2025\/12\/nadal2526G-1.jpg 1240w\" sizes=\"(max-width: 724px) 100vw, 724px\" \/><\/figure>\n","protected":false},"excerpt":{"rendered":"<p>Enguany, el Patge Reial ha decidit avan\u00e7ar la seva visita a la Bisbal del Pened\u00e8s. Vindr\u00e0 el 19 de desembre, coincidint amb la Fira de Nadal. Este a\u00f1o, el Paje &hellip; <a href=\"https:\/\/bisbalpenedes.com\/web\/2025\/12\/09\/el-patge-reial-vindra-a-la-bisbal-el-19-de-desembre-coincidint-amb-la-fira-de-nadal\/\" class=\"more-link\">Read More<\/a><\/p>\n","protected":false},"author":4,"featured_media":35518,"comment_status":"closed","ping_status":"closed","sticky":false,"template":"","format":"standard","meta":[],"categories":[2942,13,8],"tags":[393,960,1078,1374],"_links":{"self":[{"href":"https:\/\/bisbalpenedes.com\/web\/wp-json\/wp\/v2\/posts\/35517"}],"collection":[{"href":"https:\/\/bisbalpenedes.com\/web\/wp-json\/wp\/v2\/posts"}],"about":[{"href":"https:\/\/bisbalpenedes.com\/web\/wp-json\/wp\/v2\/types\/post"}],"author":[{"embeddable":true,"href":"https:\/\/bisbalpenedes.com\/web\/wp-json\/wp\/v2\/users\/4"}],"replies":[{"embeddable":true,"href":"https:\/\/bisbalpenedes.com\/web\/wp-json\/wp\/v2\/comments?post=35517"}],"version-history":[{"count":1,"href":"https:\/\/bisbalpenedes.com\/web\/wp-json\/wp\/v2\/posts\/35517\/revisions"}],"predecessor-version":[{"id":35521,"href":"https:\/\/bisbalpenedes.com\/web\/wp-json\/wp\/v2\/posts\/35517\/revisions\/35521"}],"wp:featuredmedia":[{"embeddable":true,"href":"https:\/\/bisbalpenedes.com\/web\/wp-json\/wp\/v2\/media\/35518"}],"wp:attachment":[{"href":"https:\/\/bisbalpenedes.com\/web\/wp-json\/wp\/v2\/media?parent=35517"}],"wp:term":[{"taxonomy":"category","embeddable":true,"href":"https:\/\/bisbalpenedes.com\/web\/wp-json\/wp\/v2\/categories?post=35517"},{"taxonomy":"post_tag","embeddable":true,"href":"https:\/\/bisbalpenedes.com\/web\/wp-json\/wp\/v2\/tags?post=35517"}],"curies":[{"name":"wp","href":"https:\/\/api.w.org\/{rel}","templated":true}]}}