{"id":35486,"date":"2025-12-04T14:07:01","date_gmt":"2025-12-04T12:07:01","guid":{"rendered":"https:\/\/bisbalpenedes.com\/web\/?p=35486"},"modified":"2025-12-04T14:07:01","modified_gmt":"2025-12-04T12:07:01","slug":"eleccions-agraries-2026","status":"publish","type":"post","link":"https:\/\/bisbalpenedes.com\/web\/2025\/12\/04\/eleccions-agraries-2026\/","title":{"rendered":"ELECCIONS AGR\u00c0RIES 2026"},"content":{"rendered":"\n<p><br><br>El proper 27 de febrer de 2026 est\u00e0 previst que se celebrin les eleccions agr\u00e0ries de Catalunya d&#8217;acord amb el que estableix la LLei 17\/2014 de 23 de desembre de representativitat de les organitzacions professionals agr\u00e0ries.<br><br>El Departament d\u2019Acci\u00f3 Clim\u00e0tica, Alimentaci\u00f3 i Agenda Rural ha tram\u00e8s a l&#8217;Ajuntament \u00a0el cens electoral provisional que s&#8217;ha publicat avui al tauler d&#8217;anuncis, al que es pot accedir a trav\u00e9s del seg\u00fcent enlla\u00e7: <a rel=\"noreferrer noopener\" href=\"https:\/\/bisbalpenedes.eadministracio.cat\/info.1\" target=\"_blank\">https:\/\/bisbalpenedes.eadministracio.cat\/info.1<\/a><br><br>Durant el per\u00edode d\u2019exposici\u00f3 p\u00fablica, que finalitzar\u00e0 el dia 2 de gener de 2026, les persones interessades poden revisar les seves dades i comunicar qualsevol incid\u00e8ncia o error mitjan\u00e7ant els procediments establerts. Un cop finalitzat el termini i resoltes les al\u00b7legacions, es publicar\u00e0 el cens definitiu, que servir\u00e0 de base per a la jornada electoral.<br><br>Les Eleccions Agr\u00e0ries 2026 determinaran la representativitat de les organitzacions professionals del sector, un element clau per a la defensa dels interessos de les explotacions agr\u00e0ries del pa\u00eds.<br><br>Per a m\u00e9s informaci\u00f3, el Departament recomana consultar els canals oficials; <a rel=\"noreferrer noopener\" href=\"https:\/\/agricultura.gencat.cat\/ca\/serveis\/eleccions-agraries\/index.html\" target=\"_blank\">https:\/\/agricultura.gencat.cat\/ca\/serveis\/eleccions-agraries\/index.html<\/a><br><br><br><\/p>\n","protected":false},"excerpt":{"rendered":"<p>El proper 27 de febrer de 2026 est\u00e0 previst que se celebrin les eleccions agr\u00e0ries de Catalunya d&#8217;acord amb el que estableix la LLei 17\/2014 de 23 de desembre de &hellip; <a href=\"https:\/\/bisbalpenedes.com\/web\/2025\/12\/04\/eleccions-agraries-2026\/\" class=\"more-link\">Read More<\/a><\/p>\n","protected":false},"author":1,"featured_media":35487,"comment_status":"closed","ping_status":"closed","sticky":false,"template":"","format":"standard","meta":[],"categories":[8],"tags":[],"_links":{"self":[{"href":"https:\/\/bisbalpenedes.com\/web\/wp-json\/wp\/v2\/posts\/35486"}],"collection":[{"href":"https:\/\/bisbalpenedes.com\/web\/wp-json\/wp\/v2\/posts"}],"about":[{"href":"https:\/\/bisbalpenedes.com\/web\/wp-json\/wp\/v2\/types\/post"}],"author":[{"embeddable":true,"href":"https:\/\/bisbalpenedes.com\/web\/wp-json\/wp\/v2\/users\/1"}],"replies":[{"embeddable":true,"href":"https:\/\/bisbalpenedes.com\/web\/wp-json\/wp\/v2\/comments?post=35486"}],"version-history":[{"count":2,"href":"https:\/\/bisbalpenedes.com\/web\/wp-json\/wp\/v2\/posts\/35486\/revisions"}],"predecessor-version":[{"id":35489,"href":"https:\/\/bisbalpenedes.com\/web\/wp-json\/wp\/v2\/posts\/35486\/revisions\/35489"}],"wp:featuredmedia":[{"embeddable":true,"href":"https:\/\/bisbalpenedes.com\/web\/wp-json\/wp\/v2\/media\/35487"}],"wp:attachment":[{"href":"https:\/\/bisbalpenedes.com\/web\/wp-json\/wp\/v2\/media?parent=35486"}],"wp:term":[{"taxonomy":"category","embeddable":true,"href":"https:\/\/bisbalpenedes.com\/web\/wp-json\/wp\/v2\/categories?post=35486"},{"taxonomy":"post_tag","embeddable":true,"href":"https:\/\/bisbalpenedes.com\/web\/wp-json\/wp\/v2\/tags?post=35486"}],"curies":[{"name":"wp","href":"https:\/\/api.w.org\/{rel}","templated":true}]}}