{"id":35465,"date":"2025-12-02T14:54:19","date_gmt":"2025-12-02T12:54:19","guid":{"rendered":"https:\/\/bisbalpenedes.com\/web\/?p=35465"},"modified":"2025-12-02T14:54:19","modified_gmt":"2025-12-02T12:54:19","slug":"la-tarda-de-llibres-del-17-de-desembre-estara-dedicada-a-lobra-slumdog-millionaire-ja-la-podeu-recollir-a-la-biblioteca","status":"publish","type":"post","link":"https:\/\/bisbalpenedes.com\/web\/2025\/12\/02\/la-tarda-de-llibres-del-17-de-desembre-estara-dedicada-a-lobra-slumdog-millionaire-ja-la-podeu-recollir-a-la-biblioteca\/","title":{"rendered":"La &#8220;Tarda de llibres&#8221; del 17 de desembre estar\u00e0 dedicada a l&#8217;obra &#8220;Slumdog Millionaire&#8221; &#8211; Ja la podeu recollir a la biblioteca"},"content":{"rendered":"\n<p>El dimecres 17 de desembre, a les 18h, la biblioteca acollir\u00e0 una nova edici\u00f3 del club &#8220;Tarda de llibres&#8221; amb Joan de Boer. L&#8217;obra a comentar, en aquesta ocasi\u00f3, ser\u00e0 <em>Slumdog Millionaire<\/em>, de Vikas Swarup. <br>Podeu inscriure-us i recollir el llibre a la biblioteca. L&#8217;activitat \u00e9s gratu\u00efta.<br>Per a m\u00e9s informaci\u00f3 tamb\u00e9 podeu contactar amb la biblioteca per correu electr\u00f2nic:\u00a0<a rel=\"noreferrer noopener\" href=\"mailto:biblioteca@bisbalpenedes.com\" target=\"_blank\">biblioteca@bisbalpenedes.com<\/a><\/p>\n\n\n\n<hr class=\"wp-block-separator has-alpha-channel-opacity\"\/>\n\n\n\n<p>El mi\u00e9rcoles 17 de diciembre, a las 18h, la biblioteca acoger\u00e1 una nueva edici\u00f3n del club &#8220;Tarda de llibres&#8221; con Joan de Boer. La obra a comentar, en esta ocasi\u00f3n, ser\u00e1 <em>Slumdog Millionaire<\/em>, de Vikas Swarup. Pod\u00e9is inscribiros y recoger el libro en la biblioteca. La actividad es gratuita. <br>Para m\u00e1s informaci\u00f3n tambi\u00e9n pod\u00e9is contactar con la biblioteca por correo electr\u00f3nico: <a rel=\"noreferrer noopener\" href=\"mailto:biblioteca@bisbalpenedes.com\" target=\"_blank\">biblioteca@bisbalpenedes.com<\/a><\/p>\n","protected":false},"excerpt":{"rendered":"<p>El dimecres 17 de desembre, a les 18h, la biblioteca acollir\u00e0 una nova edici\u00f3 del club &#8220;Tarda de llibres&#8221; amb Joan de Boer. L&#8217;obra a comentar, en aquesta ocasi\u00f3, ser\u00e0 &hellip; <a href=\"https:\/\/bisbalpenedes.com\/web\/2025\/12\/02\/la-tarda-de-llibres-del-17-de-desembre-estara-dedicada-a-lobra-slumdog-millionaire-ja-la-podeu-recollir-a-la-biblioteca\/\" class=\"more-link\">Read More<\/a><\/p>\n","protected":false},"author":4,"featured_media":35449,"comment_status":"closed","ping_status":"closed","sticky":false,"template":"","format":"standard","meta":[],"categories":[2478,8],"tags":[225,393,1374,7267,7266],"_links":{"self":[{"href":"https:\/\/bisbalpenedes.com\/web\/wp-json\/wp\/v2\/posts\/35465"}],"collection":[{"href":"https:\/\/bisbalpenedes.com\/web\/wp-json\/wp\/v2\/posts"}],"about":[{"href":"https:\/\/bisbalpenedes.com\/web\/wp-json\/wp\/v2\/types\/post"}],"author":[{"embeddable":true,"href":"https:\/\/bisbalpenedes.com\/web\/wp-json\/wp\/v2\/users\/4"}],"replies":[{"embeddable":true,"href":"https:\/\/bisbalpenedes.com\/web\/wp-json\/wp\/v2\/comments?post=35465"}],"version-history":[{"count":1,"href":"https:\/\/bisbalpenedes.com\/web\/wp-json\/wp\/v2\/posts\/35465\/revisions"}],"predecessor-version":[{"id":35466,"href":"https:\/\/bisbalpenedes.com\/web\/wp-json\/wp\/v2\/posts\/35465\/revisions\/35466"}],"wp:featuredmedia":[{"embeddable":true,"href":"https:\/\/bisbalpenedes.com\/web\/wp-json\/wp\/v2\/media\/35449"}],"wp:attachment":[{"href":"https:\/\/bisbalpenedes.com\/web\/wp-json\/wp\/v2\/media?parent=35465"}],"wp:term":[{"taxonomy":"category","embeddable":true,"href":"https:\/\/bisbalpenedes.com\/web\/wp-json\/wp\/v2\/categories?post=35465"},{"taxonomy":"post_tag","embeddable":true,"href":"https:\/\/bisbalpenedes.com\/web\/wp-json\/wp\/v2\/tags?post=35465"}],"curies":[{"name":"wp","href":"https:\/\/api.w.org\/{rel}","templated":true}]}}