{"id":35457,"date":"2025-12-02T14:47:22","date_gmt":"2025-12-02T12:47:22","guid":{"rendered":"https:\/\/bisbalpenedes.com\/web\/?p=35457"},"modified":"2025-12-02T14:48:48","modified_gmt":"2025-12-02T12:48:48","slug":"contes-de-nadal-al-centre-municipal-de-cultura","status":"publish","type":"post","link":"https:\/\/bisbalpenedes.com\/web\/2025\/12\/02\/contes-de-nadal-al-centre-municipal-de-cultura\/","title":{"rendered":"Contes de Nadal al Centre Municipal de Cultura: dimarts 9 de desembre a les 18h"},"content":{"rendered":"\n<p>L&#8217;auditori del CMC acollir\u00e0, el dimarts 9 de desembre, un conta contes nadalenc. L&#8217;activitat, de car\u00e0cter familiar, comen\u00e7ar\u00e0 a les 18h i anir\u00e0 a c\u00e0rrec de M\u00f2nica Torra. Es tracta d&#8217;un recull de contes plens de generositat, sorpreses i molt d&#8217;amor que ens faran reflexionar sobre quin volem que sigui l&#8217;esperit d&#8217;aquestes festes.<\/p>\n\n\n\n<hr class=\"wp-block-separator has-alpha-channel-opacity\"\/>\n\n\n\n<p>El auditorio del CMC acoger\u00e1, el martes 9 de diciembre, un cuentacuentos navide\u00f1o. La actividad, de car\u00e1cter familiar, empezar\u00e1 a las 18h e ir\u00e1 a cargo de M\u00f2nica Torra. Se trata de una recopilaci\u00f3n de cuentos llenos de generosidad, sorpresas y mucho amor que nos har\u00e1n reflexionar sobre cu\u00e1l queremos que sea el esp\u00edritu de estas fiestas.<\/p>\n","protected":false},"excerpt":{"rendered":"<p>L&#8217;auditori del CMC acollir\u00e0, el dimarts 9 de desembre, un conta contes nadalenc. L&#8217;activitat, de car\u00e0cter familiar, comen\u00e7ar\u00e0 a les 18h i anir\u00e0 a c\u00e0rrec de M\u00f2nica Torra. Es tracta &hellip; <a href=\"https:\/\/bisbalpenedes.com\/web\/2025\/12\/02\/contes-de-nadal-al-centre-municipal-de-cultura\/\" class=\"more-link\">Read More<\/a><\/p>\n","protected":false},"author":4,"featured_media":35444,"comment_status":"closed","ping_status":"closed","sticky":false,"template":"","format":"standard","meta":[],"categories":[2478,13,8],"tags":[459,7265,180,7264,393],"_links":{"self":[{"href":"https:\/\/bisbalpenedes.com\/web\/wp-json\/wp\/v2\/posts\/35457"}],"collection":[{"href":"https:\/\/bisbalpenedes.com\/web\/wp-json\/wp\/v2\/posts"}],"about":[{"href":"https:\/\/bisbalpenedes.com\/web\/wp-json\/wp\/v2\/types\/post"}],"author":[{"embeddable":true,"href":"https:\/\/bisbalpenedes.com\/web\/wp-json\/wp\/v2\/users\/4"}],"replies":[{"embeddable":true,"href":"https:\/\/bisbalpenedes.com\/web\/wp-json\/wp\/v2\/comments?post=35457"}],"version-history":[{"count":4,"href":"https:\/\/bisbalpenedes.com\/web\/wp-json\/wp\/v2\/posts\/35457\/revisions"}],"predecessor-version":[{"id":35461,"href":"https:\/\/bisbalpenedes.com\/web\/wp-json\/wp\/v2\/posts\/35457\/revisions\/35461"}],"wp:featuredmedia":[{"embeddable":true,"href":"https:\/\/bisbalpenedes.com\/web\/wp-json\/wp\/v2\/media\/35444"}],"wp:attachment":[{"href":"https:\/\/bisbalpenedes.com\/web\/wp-json\/wp\/v2\/media?parent=35457"}],"wp:term":[{"taxonomy":"category","embeddable":true,"href":"https:\/\/bisbalpenedes.com\/web\/wp-json\/wp\/v2\/categories?post=35457"},{"taxonomy":"post_tag","embeddable":true,"href":"https:\/\/bisbalpenedes.com\/web\/wp-json\/wp\/v2\/tags?post=35457"}],"curies":[{"name":"wp","href":"https:\/\/api.w.org\/{rel}","templated":true}]}}