{"id":35401,"date":"2025-12-02T13:24:56","date_gmt":"2025-12-02T11:24:56","guid":{"rendered":"https:\/\/bisbalpenedes.com\/web\/?p=35401"},"modified":"2025-12-02T13:24:56","modified_gmt":"2025-12-02T11:24:56","slug":"lajuntament-de-la-bisbal-del-penedes-ha-participat-en-lacte-municipalista-de-lacm-a-montserrat-amb-motiu-del-seu-millenari","status":"publish","type":"post","link":"https:\/\/bisbalpenedes.com\/web\/2025\/12\/02\/lajuntament-de-la-bisbal-del-penedes-ha-participat-en-lacte-municipalista-de-lacm-a-montserrat-amb-motiu-del-seu-millenari\/","title":{"rendered":"<strong>L&#8217;Ajuntament de la Bisbal del Pened\u00e8s ha participat en l&#8217;acte municipalista de l&#8217;ACM a Montserrat amb motiu del seu mil\u00b7lenari<\/strong>"},"content":{"rendered":"\n<p>L\u2019Ajuntament de la Bisbal del Pened\u00e8s va participar divendres 28 de novembre en l\u2019acte municipalista organitzat per l\u2019Associaci\u00f3 Catalana de Municipis (ACM) a Montserrat amb motiu del mil\u00b7lenari del monestir. L\u2019alcaldessa Agn\u00e8s Ferr\u00e9 i la primera tinent d\u2019alcalde, Judith Vidal, hi van assistir en representaci\u00f3 del municipi, integrant-se en una jornada que va reunir prop de mig miler d\u2019alcaldes i alcaldesses d\u2019arreu del pa\u00eds.<\/p>\n\n\n\n<p>L\u2019acte, batejat amb el nom de \u201cPilars de fortalesa. Reconeixement del m\u00f3n local a Montserrat\u201d, va voler posar en relleu el paper essencial del municipalisme catal\u00e0 i el seu comprom\u00eds amb el progr\u00e9s del pa\u00eds i la construcci\u00f3 d&#8217;una societat m\u00e9s justa i cohesionada. Un dels moments m\u00e9s simb\u00f2lics va ser l\u2019ofrena d\u2019una ll\u00e0ntia votiva que representa el comprom\u00eds dels ajuntaments catalans amb el progr\u00e9s del pa\u00eds i la construcci\u00f3 d\u2019una societat m\u00e9s justa. L\u2019alcaldessa de la Bisbal del Pened\u00e8s va dipositar-hi el nom del municipi, juntament amb els de la resta de localitats assistents.<\/p>\n\n\n\n<p>Un cop recollits tots els noms, la presidenta de l\u2019ACM, Meritxell Bud\u00f3, va donar la benvinguda a l\u2019acte des de la pla\u00e7a del museu, seguida de la lectura del manifest per part de les vicepresid\u00e8ncies de l\u2019entitat. Posteriorment, les persones participants es van dirigir a la bas\u00edlica de la Mare de D\u00e9u de Montserrat, on el pare abat va beneir la ll\u00e0ntia amb el foc aportat per un pilar dels Minyons de Terrassa.<\/p>\n\n\n\n<p>La jornada va continuar amb una estona de rec\u00e9s i amb la interpretaci\u00f3 de la Salve i el Virolai per part de l\u2019Escolania de Montserrat, un dels moments m\u00e9s emotius de la trobada. La cloenda es va fer amb el videomapatge del mil\u00b7lenari projectat a l\u2019interior de la bas\u00edlica i una fotografia conjunta a la pla\u00e7a.<\/p>\n\n\n\n<p>L&#8217;alcaldessa Agn\u00e8s Ferr\u00e9 ha explicat que va ser <em>\u201cemotiu i reivindicatiu del m\u00f3n local al nostre pa\u00eds davant la nostra patrona\u201d<\/em>, refor\u00e7ant la import\u00e0ncia del treball municipal en la vida quotidiana de la ciutadania.<\/p>\n\n\n\n<figure class=\"wp-container-2 wp-block-gallery-1 wp-block-gallery has-nested-images columns-default is-cropped\">\n<figure class=\"wp-block-image size-large\"><img loading=\"lazy\" width=\"768\" height=\"1024\" data-id=\"35402\"  src=\"https:\/\/bisbalpenedes.com\/web\/wp-content\/uploads\/2025\/12\/ACM-MONTSERRAT-1-768x1024.jpg\" alt=\"\" class=\"wp-image-35402\" srcset=\"https:\/\/bisbalpenedes.com\/web\/wp-content\/uploads\/2025\/12\/ACM-MONTSERRAT-1-768x1024.jpg 768w, https:\/\/bisbalpenedes.com\/web\/wp-content\/uploads\/2025\/12\/ACM-MONTSERRAT-1-225x300.jpg 225w, https:\/\/bisbalpenedes.com\/web\/wp-content\/uploads\/2025\/12\/ACM-MONTSERRAT-1-1152x1536.jpg 1152w, https:\/\/bisbalpenedes.com\/web\/wp-content\/uploads\/2025\/12\/ACM-MONTSERRAT-1-1536x2048.jpg 1536w, https:\/\/bisbalpenedes.com\/web\/wp-content\/uploads\/2025\/12\/ACM-MONTSERRAT-1-600x800.jpg 600w, https:\/\/bisbalpenedes.com\/web\/wp-content\/uploads\/2025\/12\/ACM-MONTSERRAT-1-scaled.jpg 1920w\" sizes=\"(max-width: 768px) 100vw, 768px\" \/><\/figure>\n\n\n\n<figure class=\"wp-block-image size-large\"><img loading=\"lazy\" width=\"682\" height=\"1024\" data-id=\"35403\"  src=\"https:\/\/bisbalpenedes.com\/web\/wp-content\/uploads\/2025\/12\/ACM-MONTSERRAT-3-a-mida-gran-682x1024.jpeg\" alt=\"\" class=\"wp-image-35403\" srcset=\"https:\/\/bisbalpenedes.com\/web\/wp-content\/uploads\/2025\/12\/ACM-MONTSERRAT-3-a-mida-gran-682x1024.jpeg 682w, https:\/\/bisbalpenedes.com\/web\/wp-content\/uploads\/2025\/12\/ACM-MONTSERRAT-3-a-mida-gran-200x300.jpeg 200w, https:\/\/bisbalpenedes.com\/web\/wp-content\/uploads\/2025\/12\/ACM-MONTSERRAT-3-a-mida-gran-768x1152.jpeg 768w, https:\/\/bisbalpenedes.com\/web\/wp-content\/uploads\/2025\/12\/ACM-MONTSERRAT-3-a-mida-gran-600x900.jpeg 600w, https:\/\/bisbalpenedes.com\/web\/wp-content\/uploads\/2025\/12\/ACM-MONTSERRAT-3-a-mida-gran.jpeg 853w\" sizes=\"(max-width: 682px) 100vw, 682px\" \/><\/figure>\n<\/figure>\n\n\n\n<hr class=\"wp-block-separator has-alpha-channel-opacity\"\/>\n\n\n\n<p><strong>El Ajuntament de la Bisbal del Pened\u00e8s ha participado en el acto municipalista de la ACM en Montserrat con motivo de su milenario<\/strong><br><br>El Ajuntament de la Bisbal del Pened\u00e8s particip\u00f3 el viernes 28 de noviembre en el acto municipalista organizado por la Associaci\u00f3 Catalana de Municipis (ACM) en Montserrat con motivo del milenario del monasterio. La alcaldesa Agn\u00e8s Ferr\u00e9 y la primera teniente de alcald\u00eda, Judith Vidal, asistieron en representaci\u00f3n del municipio, integr\u00e1ndose en una jornada que reuni\u00f3 a cerca de medio millar de alcaldes y alcaldesas de todo el pa\u00eds.<\/p>\n\n\n\n<p>El acto, bajo el nombre \u201cPilars de fortalesa. Reconeixement del m\u00f3n local a Montserrat\u201d, quiso poner en valor el papel esencial del municipalismo catal\u00e1n y su compromiso con el progreso del pa\u00eds y la construcci\u00f3n de una sociedad m\u00e1s justa y cohesionada. Uno de los momentos m\u00e1s simb\u00f3licos fue la ofrenda de una l\u00e1mpara votiva que representa el compromiso de los ayuntamientos catalanes con el progreso del pa\u00eds y la construcci\u00f3n de una sociedad m\u00e1s equitativa. La alcaldesa de la Bisbal del Pened\u00e8s deposit\u00f3 en ella el nombre del municipio, junto con los del resto de localidades asistentes.<\/p>\n\n\n\n<p>Una vez recogidos todos los nombres, la presidenta de la ACM, Meritxell Bud\u00f3, dio la bienvenida al acto desde la plaza del museo, seguida de la lectura del manifiesto por parte de las vicepresidencias de la entidad. Posteriormente, las personas participantes se dirigieron a la bas\u00edlica de la Mare de D\u00e9u de Montserrat, donde el padre abad bendijo la l\u00e1mpara con el fuego aportado por un pilar de los Minyons de Terrassa.<\/p>\n\n\n\n<p>La jornada continu\u00f3 con un momento de recogimiento y con la interpretaci\u00f3n de la Salve y el Virolai por parte de la Escolania de Montserrat, uno de los momentos m\u00e1s emotivos del encuentro. La clausura tuvo lugar con el videomapping del milenario proyectado en el interior de la bas\u00edlica y una fotograf\u00eda conjunta en la plaza.<\/p>\n\n\n\n<p>La alcaldesa Agn\u00e8s Ferr\u00e9 explic\u00f3 que fue <em>\u201cemotivo y reivindicativo del mundo local en nuestro pa\u00eds ante nuestra patrona\u201d<\/em>, reforzando la importancia del trabajo municipal en la vida cotidiana de la ciudadan\u00eda.<\/p>\n","protected":false},"excerpt":{"rendered":"<p>L\u2019Ajuntament de la Bisbal del Pened\u00e8s va participar divendres 28 de novembre en l\u2019acte municipalista organitzat per l\u2019Associaci\u00f3 Catalana de Municipis (ACM) a Montserrat amb motiu del mil\u00b7lenari del monestir. &hellip; <a href=\"https:\/\/bisbalpenedes.com\/web\/2025\/12\/02\/lajuntament-de-la-bisbal-del-penedes-ha-participat-en-lacte-municipalista-de-lacm-a-montserrat-amb-motiu-del-seu-millenari\/\" class=\"more-link\">Read More<\/a><\/p>\n","protected":false},"author":4,"featured_media":35404,"comment_status":"closed","ping_status":"closed","sticky":false,"template":"","format":"standard","meta":[],"categories":[2057,8],"tags":[874,876,393,7243],"_links":{"self":[{"href":"https:\/\/bisbalpenedes.com\/web\/wp-json\/wp\/v2\/posts\/35401"}],"collection":[{"href":"https:\/\/bisbalpenedes.com\/web\/wp-json\/wp\/v2\/posts"}],"about":[{"href":"https:\/\/bisbalpenedes.com\/web\/wp-json\/wp\/v2\/types\/post"}],"author":[{"embeddable":true,"href":"https:\/\/bisbalpenedes.com\/web\/wp-json\/wp\/v2\/users\/4"}],"replies":[{"embeddable":true,"href":"https:\/\/bisbalpenedes.com\/web\/wp-json\/wp\/v2\/comments?post=35401"}],"version-history":[{"count":1,"href":"https:\/\/bisbalpenedes.com\/web\/wp-json\/wp\/v2\/posts\/35401\/revisions"}],"predecessor-version":[{"id":35405,"href":"https:\/\/bisbalpenedes.com\/web\/wp-json\/wp\/v2\/posts\/35401\/revisions\/35405"}],"wp:featuredmedia":[{"embeddable":true,"href":"https:\/\/bisbalpenedes.com\/web\/wp-json\/wp\/v2\/media\/35404"}],"wp:attachment":[{"href":"https:\/\/bisbalpenedes.com\/web\/wp-json\/wp\/v2\/media?parent=35401"}],"wp:term":[{"taxonomy":"category","embeddable":true,"href":"https:\/\/bisbalpenedes.com\/web\/wp-json\/wp\/v2\/categories?post=35401"},{"taxonomy":"post_tag","embeddable":true,"href":"https:\/\/bisbalpenedes.com\/web\/wp-json\/wp\/v2\/tags?post=35401"}],"curies":[{"name":"wp","href":"https:\/\/api.w.org\/{rel}","templated":true}]}}