{"id":35385,"date":"2025-11-27T18:38:21","date_gmt":"2025-11-27T16:38:21","guid":{"rendered":"https:\/\/bisbalpenedes.com\/web\/?p=35385"},"modified":"2025-11-27T18:38:21","modified_gmt":"2025-11-27T16:38:21","slug":"sinicia-la-contractacio-del-servei-de-manteniment-del-punt-de-recarrega-per-a-vehicles-electrics","status":"publish","type":"post","link":"https:\/\/bisbalpenedes.com\/web\/2025\/11\/27\/sinicia-la-contractacio-del-servei-de-manteniment-del-punt-de-recarrega-per-a-vehicles-electrics\/","title":{"rendered":"<strong>S\u2019inicia la contractaci\u00f3 del servei de manteniment del punt de rec\u00e0rrega per a vehicles el\u00e8ctrics<\/strong>"},"content":{"rendered":"\n<p>La Junta de Govern del dilluns 24 de novembre ha aprovat posar en marxa el procediment de contractaci\u00f3, a trav\u00e9s de la Central de Compres de l\u2019ACM, del servei de manteniment preventiu i correctiu del punt de rec\u00e0rrega per a vehicles el\u00e8ctrics situat al p\u00e0rquing de l\u2019avinguda Baix Pened\u00e8s, 8.<\/p>\n\n\n\n<p>Per a aquest procediment, s\u2019ha convidat a participar-hi la primera empresa adjudicat\u00e0ria de l\u2019Acord marc de l\u2019ACM per al subministrament d\u2019equips per a la generaci\u00f3 d\u2019energia solar fotovoltaica destinats a les entitats locals de Catalunya, que \u00e9s l\u2019empresa Endesa X Way, SL.<\/p>\n\n\n\n<p>L\u2019import m\u00e0xim estimat anual del contracte \u00e9s de 1.082,68 \u20ac (IVA no incl\u00f2s), i la durada prevista \u00e9s de quatre anys.<\/p>\n\n\n\n<p>Aquest pas permet garantir el correcte funcionament del punt de rec\u00e0rrega i refor\u00e7ar el comprom\u00eds i donar un nou impuls municipal a la mobilitat sostenible.<\/p>\n\n\n\n<hr class=\"wp-block-separator has-alpha-channel-opacity\"\/>\n\n\n\n<h2><strong>Se inicia la contrataci\u00f3n del servicio de mantenimiento del punto de recarga para veh\u00edculos el\u00e9ctricos<\/strong><\/h2>\n\n\n\n<p>La Junta de Gobierno del lunes 24 de noviembre ha aprobado poner en marcha el procedimiento de contrataci\u00f3n, a trav\u00e9s de la Central de Compres de l\u2019ACM, del servicio de mantenimiento preventivo y correctivo del punto de recarga para veh\u00edculos el\u00e9ctricos situado en el aparcamiento de la avenida Baix Pened\u00e8s, 8.<\/p>\n\n\n\n<p>Para este procedimiento, se ha invitado a participar a la primera empresa adjudicataria del <em>Acord marc de l\u2019ACM<\/em> para el suministro de equipos para la generaci\u00f3n de energ\u00eda solar fotovoltaica destinados a las entidades locales de Catalu\u00f1a, que es la empresa Endesa X Way, SL.<\/p>\n\n\n\n<p>El importe m\u00e1ximo estimado anual del contrato es de 1.082,68 \u20ac (IVA no incluido), y la duraci\u00f3n prevista es de cuatro a\u00f1os.<\/p>\n\n\n\n<p>Este paso permite garantizar el correcto funcionamiento del punto de recarga y reforzar el compromiso municipal con la movilidad sostenible, d\u00e1ndole un nuevo impulso.<\/p>\n","protected":false},"excerpt":{"rendered":"<p>La Junta de Govern del dilluns 24 de novembre ha aprovat posar en marxa el procediment de contractaci\u00f3, a trav\u00e9s de la Central de Compres de l\u2019ACM, del servei de &hellip; <a href=\"https:\/\/bisbalpenedes.com\/web\/2025\/11\/27\/sinicia-la-contractacio-del-servei-de-manteniment-del-punt-de-recarrega-per-a-vehicles-electrics\/\" class=\"more-link\">Read More<\/a><\/p>\n","protected":false},"author":4,"featured_media":35386,"comment_status":"closed","ping_status":"closed","sticky":false,"template":"","format":"standard","meta":[],"categories":[8],"tags":[],"_links":{"self":[{"href":"https:\/\/bisbalpenedes.com\/web\/wp-json\/wp\/v2\/posts\/35385"}],"collection":[{"href":"https:\/\/bisbalpenedes.com\/web\/wp-json\/wp\/v2\/posts"}],"about":[{"href":"https:\/\/bisbalpenedes.com\/web\/wp-json\/wp\/v2\/types\/post"}],"author":[{"embeddable":true,"href":"https:\/\/bisbalpenedes.com\/web\/wp-json\/wp\/v2\/users\/4"}],"replies":[{"embeddable":true,"href":"https:\/\/bisbalpenedes.com\/web\/wp-json\/wp\/v2\/comments?post=35385"}],"version-history":[{"count":1,"href":"https:\/\/bisbalpenedes.com\/web\/wp-json\/wp\/v2\/posts\/35385\/revisions"}],"predecessor-version":[{"id":35387,"href":"https:\/\/bisbalpenedes.com\/web\/wp-json\/wp\/v2\/posts\/35385\/revisions\/35387"}],"wp:featuredmedia":[{"embeddable":true,"href":"https:\/\/bisbalpenedes.com\/web\/wp-json\/wp\/v2\/media\/35386"}],"wp:attachment":[{"href":"https:\/\/bisbalpenedes.com\/web\/wp-json\/wp\/v2\/media?parent=35385"}],"wp:term":[{"taxonomy":"category","embeddable":true,"href":"https:\/\/bisbalpenedes.com\/web\/wp-json\/wp\/v2\/categories?post=35385"},{"taxonomy":"post_tag","embeddable":true,"href":"https:\/\/bisbalpenedes.com\/web\/wp-json\/wp\/v2\/tags?post=35385"}],"curies":[{"name":"wp","href":"https:\/\/api.w.org\/{rel}","templated":true}]}}