{"id":35382,"date":"2025-11-27T18:38:14","date_gmt":"2025-11-27T16:38:14","guid":{"rendered":"https:\/\/bisbalpenedes.com\/web\/?p=35382"},"modified":"2025-11-27T18:38:14","modified_gmt":"2025-11-27T16:38:14","slug":"sacorda-denegar-la-sollicitud-dincrement-de-tarifes-del-servei-dabastament-daigua-potable-i-clavegueram","status":"publish","type":"post","link":"https:\/\/bisbalpenedes.com\/web\/2025\/11\/27\/sacorda-denegar-la-sollicitud-dincrement-de-tarifes-del-servei-dabastament-daigua-potable-i-clavegueram\/","title":{"rendered":"<strong>S\u2019acorda denegar la sol\u00b7licitud d\u2019increment de tarifes del servei d\u2019abastament d\u2019aigua potable i clavegueram<\/strong>"},"content":{"rendered":"\n<p>La Junta de Govern del 24 de novembre ha acordat denegar la petici\u00f3 d\u2019increment de tarifes del servei d\u2019abastament d\u2019aigua potable i clavegueram sol\u00b7licitada per Aqualia el 23 d&#8217;abril de 2025.<\/p>\n\n\n\n<p>El Ple extraordinari del 15 de juliol va aprovar per unanimitat desestimar la modificaci\u00f3 de tarifes proposada per l\u2019empresa concession\u00e0ria del servei d\u2019aigua potable i clavegueram, arran de la sol\u00b7licitud presentada per Aqualia el 23 d\u2019abril.<br>La modificaci\u00f3 proposada per Aqualia consistia a:<\/p>\n\n\n\n<ul><li>Unificar les quotes fixes de servei, infraestructura i conservaci\u00f3 de comptadors en una sola quota fixa, amb un increment del 31,10% en l\u2019\u00fas dom\u00e8stic, un increment del 37,43% en l\u2019\u00fas dom\u00e8stic social, un increment del 31,08% en l\u2019\u00fas industrial, un increment del 75% en l\u2019\u00fas comercial i un increment del 74% en l\u2019\u00fas av\u00edcola i ramader.<\/li><li>&nbsp;Incrementar el cost del primer tram de consum en un 28,36% en l\u2019\u00fas dom\u00e8stic, un 19,40% en l\u2019\u00fas dom\u00e8stic social, un 29,29% en l\u2019\u00fas industrial i un 31,10% en l\u2019\u00fas av\u00edcola i ramader.<\/li><\/ul>\n\n\n\n<p>La justificaci\u00f3 presentada per l\u2019empresa per aquests increments era cobrir les p\u00e8rdues que afirmava tenir per la prestaci\u00f3 del servei a la Bisbal. No obstant aix\u00f2, l\u2019informe municipal, extens i detallat, analitza punt per punt i conclou que no es justifiquen les p\u00e8rdues que permetrien avalar un increment de tarifes.<\/p>\n\n\n\n<p>A tot aix\u00f2 s\u2019hi afegeix que, el 4 de juny, el Jutjat Contenci\u00f3s Administratiu n\u00fam. 1 de Tarragona va dictar sent\u00e8ncia desestimant el recurs contenci\u00f3s administratiu interposat per Aqualia contra l\u2019Ajuntament pel Ple del 30 d\u2019agost de 2021, en qu\u00e8 tampoc s\u2019acceptava la modificaci\u00f3 de tarifes proposada per la concession\u00e0ria. La sent\u00e8ncia conclo\u00efa que l\u2019acord de Ple era conforme a dret. Segons ha volgut destacar l&#8217;alcaldessa Agn\u00e8s Ferr\u00e9 <em>&#8220;la resoluci\u00f3 judicial posava de manifest la manca de documentaci\u00f3 adequada per part de l\u2019empresa per informar favorablement aquesta nova revisi\u00f3&#8221;.<\/em><br><\/p>\n\n\n\n<p>La proposta de modificaci\u00f3 presentada a l\u2019abril era similar a la de 2021, i es va aprovar prendre ra\u00f3 i assumir com a propi el contingut \u00edntegre de l\u2019informe em\u00e8s per l\u2019enginyer t\u00e8cnic municipal, posicionant-se desfavorablement a la modificaci\u00f3 de tarifes sol\u00b7licitada per Aqualia, i comunicar aquest acord a la Comissi\u00f3 de Preus de Catalunya, que \u00e9s qui t\u00e9 la darrera paraula.<\/p>\n\n\n\n<p>L\u2019acord del Ple del 15 de juliol de <em>&#8220;desestimar la modificaci\u00f3 de tarifes proposada per l&#8217;empresa concession\u00e0ria del servei d&#8217;aigua potable i clavegueram&#8221;, <\/em>aprovat per unanimitat<em>, <\/em>&nbsp;es va enviar a la Comissi\u00f3 de Preus de Catalunya perqu\u00e8 determin\u00e9s l\u2019aprovaci\u00f3 o no d\u2019aquestes tarifes. A finals de juliol, la Comissi\u00f3 de Preus de Catalunya va comunicar a l\u2019Ajuntament que no tenia compet\u00e8ncia per resoldre la petici\u00f3, at\u00e8s el car\u00e0cter no tributari de la tarifa percebuda pels usuaris.<\/p>\n\n\n\n<p>La Junta de Govern del 23 de setembre va acordar iniciar la tramitaci\u00f3 per a la denegaci\u00f3 de la revisi\u00f3 de tarifes sol\u00b7licitada el mes d\u2019abril per l\u2019empresa concession\u00e0ria, i es va concedir un per\u00edode d\u2019audi\u00e8ncia de deu dies h\u00e0bils perqu\u00e8 poguessin presentar al\u00b7legacions. En el per\u00edode d\u2019audi\u00e8ncia, compr\u00e8s entre el 30 de setembre i el 13 d\u2019octubre, no s\u2019ha presentat cap al\u00b7legaci\u00f3, i per aquest motiu la Junta de Govern del 24 de novembre ha acordat denegar la sol\u00b7licitud d\u2019increment de tarifes.<\/p>\n\n\n\n<hr class=\"wp-block-separator has-alpha-channel-opacity\"\/>\n\n\n\n<h2><strong>Se acuerda denegar la solicitud de incremento de tarifas del servicio de abastecimiento de agua potable y alcantarillado<\/strong><\/h2>\n\n\n\n<p>La Junta de Gobierno del 24 de noviembre ha acordado denegar la petici\u00f3n de incremento de tarifas del servicio de abastecimiento de agua potable y alcantarillado solicitada por Aqualia el 23 de abril de 2025.<\/p>\n\n\n\n<p>El Pleno extraordinario del 15 de julio aprob\u00f3 por unanimidad desestimar la modificaci\u00f3n de tarifas propuesta por la empresa concesionaria del servicio de agua potable y alcantarillado, a ra\u00edz de la solicitud presentada por Aqualia el 23 de abril. La modificaci\u00f3n propuesta por Aqualia consist\u00eda en:<\/p>\n\n\n\n<ul><li>Unificar las cuotas fijas de servicio, infraestructura y conservaci\u00f3n de contadores en una sola cuota fija, con un incremento del 31,10% en el uso dom\u00e9stico, un incremento del 37,43% en el uso dom\u00e9stico social, un incremento del 31,08% en el uso industrial, un incremento del 75% en el uso comercial y un incremento del 74% en el uso av\u00edcola y ganadero.<\/li><li>Incrementar el coste del primer tramo de consumo en un 28,36% en el uso dom\u00e9stico, un 19,40% en el uso dom\u00e9stico social, un 29,29% en el uso industrial y un 31,10% en el uso av\u00edcola y ganadero.<\/li><\/ul>\n\n\n\n<p>La justificaci\u00f3n presentada por la empresa para estos incrementos era cubrir las p\u00e9rdidas que afirmaba tener por la prestaci\u00f3n del servicio en la Bisbal. Sin embargo, el informe municipal, extenso y detallado, analiza punto por punto y concluye que no se justifican las p\u00e9rdidas que permitir\u00edan avalar un incremento de tarifas.<\/p>\n\n\n\n<p>A todo ello se a\u00f1ade que, el 4 de junio, el Juzgado Contencioso Administrativo n\u00fam. 1 de Tarragona dict\u00f3 sentencia desestimando el recurso contencioso administrativo interpuesto por Aqualia contra el Ayuntamiento por el Pleno del 30 de agosto de 2021, en el que tampoco se aceptaba la modificaci\u00f3n de tarifas propuesta por la concesionaria. La sentencia conclu\u00eda que el acuerdo de Pleno era conforme a derecho. Seg\u00fan ha querido destacar la alcaldesa Agn\u00e8s Ferr\u00e9, <em>\u201cla resoluci\u00f3n judicial pon\u00eda de manifiesto la falta de documentaci\u00f3n adecuada por parte de la empresa para informar favorablemente esta nueva revisi\u00f3n\u201d.<\/em><\/p>\n\n\n\n<p>La propuesta de modificaci\u00f3n presentada en abril era similar a la de 2021, y se aprob\u00f3 tomar raz\u00f3n y asumir como propio el contenido \u00edntegro del informe emitido por el ingeniero t\u00e9cnico municipal, posicion\u00e1ndose desfavorablemente a la modificaci\u00f3n de tarifas solicitada por Aqualia, y comunicar este acuerdo a la Comissi\u00f3 de Preus de Catalunya, que es quien tiene la \u00faltima palabra.<\/p>\n\n\n\n<p>El acuerdo del Pleno del 15 de julio de <em>\u201cdesestimar la modificaci\u00f3n de tarifas propuesta por la empresa concesionaria del servicio de agua potable y alcantarillado\u201d,<\/em> aprobado por unanimidad, se envi\u00f3 a la Comissi\u00f3 de Preus de Catalunya para que determinara la aprobaci\u00f3n o no de dichas tarifas. A finales de julio, la Comissi\u00f3 de Preus de Catalunya comunic\u00f3 al Ayuntamiento que no ten\u00eda competencia para resolver la petici\u00f3n, dado el car\u00e1cter no tributario de la tarifa percibida por los usuarios.<\/p>\n\n\n\n<p>La Junta de Gobierno del 23 de septiembre acord\u00f3 iniciar la tramitaci\u00f3n para la denegaci\u00f3n de la revisi\u00f3n de tarifas solicitada en abril por la empresa concesionaria, y se concedi\u00f3 un per\u00edodo de audiencia de diez d\u00edas h\u00e1biles para que pudieran presentar alegaciones. En el per\u00edodo de audiencia, comprendido entre el 30 de septiembre y el 13 de octubre, no se ha presentado ninguna alegaci\u00f3n, y por este motivo la Junta de Gobierno del 24 de noviembre ha acordado denegar la solicitud de incremento de tarifas.<\/p>\n","protected":false},"excerpt":{"rendered":"<p>La Junta de Govern del 24 de novembre ha acordat denegar la petici\u00f3 d\u2019increment de tarifes del servei d\u2019abastament d\u2019aigua potable i clavegueram sol\u00b7licitada per Aqualia el 23 d&#8217;abril de &hellip; <a href=\"https:\/\/bisbalpenedes.com\/web\/2025\/11\/27\/sacorda-denegar-la-sollicitud-dincrement-de-tarifes-del-servei-dabastament-daigua-potable-i-clavegueram\/\" class=\"more-link\">Read More<\/a><\/p>\n","protected":false},"author":4,"featured_media":35393,"comment_status":"closed","ping_status":"closed","sticky":false,"template":"","format":"standard","meta":[],"categories":[8,3208],"tags":[393,1374,766],"_links":{"self":[{"href":"https:\/\/bisbalpenedes.com\/web\/wp-json\/wp\/v2\/posts\/35382"}],"collection":[{"href":"https:\/\/bisbalpenedes.com\/web\/wp-json\/wp\/v2\/posts"}],"about":[{"href":"https:\/\/bisbalpenedes.com\/web\/wp-json\/wp\/v2\/types\/post"}],"author":[{"embeddable":true,"href":"https:\/\/bisbalpenedes.com\/web\/wp-json\/wp\/v2\/users\/4"}],"replies":[{"embeddable":true,"href":"https:\/\/bisbalpenedes.com\/web\/wp-json\/wp\/v2\/comments?post=35382"}],"version-history":[{"count":1,"href":"https:\/\/bisbalpenedes.com\/web\/wp-json\/wp\/v2\/posts\/35382\/revisions"}],"predecessor-version":[{"id":35383,"href":"https:\/\/bisbalpenedes.com\/web\/wp-json\/wp\/v2\/posts\/35382\/revisions\/35383"}],"wp:featuredmedia":[{"embeddable":true,"href":"https:\/\/bisbalpenedes.com\/web\/wp-json\/wp\/v2\/media\/35393"}],"wp:attachment":[{"href":"https:\/\/bisbalpenedes.com\/web\/wp-json\/wp\/v2\/media?parent=35382"}],"wp:term":[{"taxonomy":"category","embeddable":true,"href":"https:\/\/bisbalpenedes.com\/web\/wp-json\/wp\/v2\/categories?post=35382"},{"taxonomy":"post_tag","embeddable":true,"href":"https:\/\/bisbalpenedes.com\/web\/wp-json\/wp\/v2\/tags?post=35382"}],"curies":[{"name":"wp","href":"https:\/\/api.w.org\/{rel}","templated":true}]}}