{"id":35381,"date":"2025-11-27T18:38:06","date_gmt":"2025-11-27T16:38:06","guid":{"rendered":"https:\/\/bisbalpenedes.com\/web\/?p=35381"},"modified":"2025-11-27T18:41:17","modified_gmt":"2025-11-27T16:41:17","slug":"sadjudiquen-les-obres-de-millora-de-la-xarxa-daigua-al-priorat-i-lesplai-per-620-27705-e","status":"publish","type":"post","link":"https:\/\/bisbalpenedes.com\/web\/2025\/11\/27\/sadjudiquen-les-obres-de-millora-de-la-xarxa-daigua-al-priorat-i-lesplai-per-620-27705-e\/","title":{"rendered":"<strong>S\u2019adjudiquen les obres de millora de la xarxa d\u2019aigua al Priorat i l\u2019Esplai per 620.277,05 \u20ac<\/strong>"},"content":{"rendered":"\n<p>La Junta de Govern Local del 24 de novembre ha aprovat adjudicar a l\u2019empresa Irriga Watersolutions SL les obres de millora de la xarxa d\u2019aigua del Priorat i l\u2019Esplai per un import total de 620.277,05 \u20ac (IVA incl\u00f2s). <\/p>\n\n\n\n<p>Les actuacions es divideixen en dos blocs. D\u2019una banda, les millores al Priorat, amb un cost de 334.196,25 \u20ac (IVA incl\u00f2s), que es duran a terme als carrers C\u00f2rdova, Sevilla, Granada, Almeria i Huelva. De l\u2019altra, les millores a l\u2019Esplai, amb un import de 286.080,80 \u20ac (IVA incl\u00f2s), que afectaran l\u2019avinguda de l\u2019Esplai i els carrers Salvador Dal\u00ed, Antoni T\u00e0pies, Joaquim Sunyer i Xavier Nogu\u00e9s.<\/p>\n\n\n\n<p>Un cop adjudicades, el seg\u00fcent pas \u00e9s formalitzar el contracte i planificar els treballs perqu\u00e8 puguin comen\u00e7ar tan aviat com sigui possible.<\/p>\n\n\n\n<p>Aquestes actuacions corresponen als lots 2 i 3 de la licitaci\u00f3 per a la millora de la xarxa d\u2019aigua del municipi de la Bisbal del Pened\u00e8s. El lot 1, corresponent a les obres del nucli urb\u00e0 (avinguda Baix Pened\u00e8s i carrer de la Font), va quedar desert en no presentar-s\u2019hi cap empresa. Per aquest motiu, s\u2019impulsar\u00e0 un nou procediment de contractaci\u00f3 per tal de poder executar aquestes obres.<\/p>\n\n\n\n<p>El mes de juliol es va obrir el termini per presentar ofertes per al projecte global de millora de la xarxa d\u2019abastament d\u2019aigua amb l\u2019objectiu de reduir les p\u00e8rdues. Aquest projecte inclou actuacions al Priorat, a l\u2019Esplai i al nucli. El pressupost inicial ascendia a 782.754,13 \u20ac (IVA incl\u00f2s) i les empreses podien presentar propostes fins al 15 de setembre.<br><br>L&#8217;alcaldessa Agn\u00e8s Ferr\u00e9 ha explicat que <em>aquesta millora de la xarxa d\u2019aigua representa un pas m\u00e9s per millorar la qualitat i l\u2019efici\u00e8ncia del servei al municipi. Any rere any estem fent inversi\u00f3 per millorar la xarxa d&#8217;aigua al municipi amb l&#8217;objectiu de pal\u00b7liar els problemes generats per la cal\u00e7, reduir les p\u00e8rdues i reduir els talls d&#8217;aigua que pateixen molts ve\u00efns, a causa de les reparacions. <\/em>Ferr\u00e9 ha afegit que<em> durant els mesos que durin les obres els ve\u00efns d&#8217;aquestes zones hauran de tenir una mica de paci\u00e8ncia, per\u00f2 esperem que despr\u00e9s puguin notar les millores i vegin que ha valgut la pena.<\/em><\/p>\n\n\n\n<p>Per tirar endavant aquesta inversi\u00f3, l\u2019Ajuntament de la Bisbal del Pened\u00e8s compta amb dues subvencions destacades: 300.000 \u20ac de l\u2019Ag\u00e8ncia Catalana de l\u2019Aigua (ACA) i 400.000 \u20ac de la Diputaci\u00f3 de Tarragona en el marc del Pla Impuls Dipta.<\/p>\n\n\n\n<hr class=\"wp-block-separator has-alpha-channel-opacity\"\/>\n\n\n\n<h2><strong>Se adjudican las obras de mejora de la red de agua en el Priorat y L\u2019Esplai por 620.277,05 \u20ac<\/strong><\/h2>\n\n\n\n<p>La Junta de Gobierno Local del 24 de noviembre ha aprobado adjudicar a la empresa Irriga Watersolutions SL las obras de mejora de la red de agua del Priorat y L\u2019Esplai por un importe total de 620.277,05 \u20ac (IVA incluido).<\/p>\n\n\n\n<p>Las actuaciones se dividen en dos bloques. Por un lado, las mejoras en el Priorat, con un coste de 334.196,25 \u20ac (IVA incluido), que se llevar\u00e1n a cabo en las calles C\u00f3rdoba, Sevilla, Granada, Almer\u00eda y Huelva. Por otro lado, las mejoras en L\u2019Esplai, con un importe de 286.080,80 \u20ac (IVA incluido), que afectar\u00e1n a la avenida de L\u2019Esplai y a las calles Salvador Dal\u00ed, Antoni T\u00e0pies, Joaquim Sunyer y Xavier Nogu\u00e9s.<\/p>\n\n\n\n<p>Una vez adjudicadas, el siguiente paso es formalizar el contrato y planificar los trabajos para que puedan empezar tan pronto como sea posible.<\/p>\n\n\n\n<p>Estas actuaciones corresponden a los lotes 2 y 3 de la licitaci\u00f3n para la mejora de la red de agua del municipio de la Bisbal del Pened\u00e8s. El lote 1, correspondiente a las obras del n\u00facleo urbano (avenida Baix Pened\u00e8s y calle de la Font), qued\u00f3 desierto al no presentarse ninguna empresa. Por este motivo, se impulsar\u00e1 un nuevo procedimiento de contrataci\u00f3n para poder ejecutar estas obras.<\/p>\n\n\n\n<p>En el mes de julio se abri\u00f3 el plazo para presentar ofertas para el proyecto global de mejora de la red de abastecimiento de agua con el objetivo de reducir las p\u00e9rdidas. Este proyecto incluye actuaciones en el Priorat, en L\u2019Esplai y en el n\u00facleo. El presupuesto inicial ascend\u00eda a 782.754,13 \u20ac (IVA incluido) y las empresas pod\u00edan presentar propuestas hasta el 15 de septiembre.<\/p>\n\n\n\n<p>La alcaldesa Agn\u00e8s Ferr\u00e9 ha explicado que <em>esta mejora de la red de agua representa un paso m\u00e1s para mejorar la calidad y la eficiencia del servicio en el municipio. A\u00f1o tras a\u00f1o estamos realizando inversiones para mejorar la red de agua con el objetivo de paliar los problemas generados por la cal, reducir las p\u00e9rdidas y disminuir los cortes de agua que sufren muchos vecinos debido a las reparaciones<\/em>. Ferr\u00e9 ha a\u00f1adido que <em>durante los meses que duren las obras los vecinos de estas zonas deber\u00e1n tener un poco de paciencia, pero esperamos que despu\u00e9s puedan notar las mejoras y ver que ha valido la pena.<\/em><\/p>\n\n\n\n<p>Para sacar adelante esta inversi\u00f3n, el Ajuntament de la Bisbal del Pened\u00e8s cuenta con dos subvenciones destacadas: 300.000 \u20ac de la Ag\u00e8ncia Catalana de l\u2019Aigua (ACA) y 400.000 \u20ac de la Diputaci\u00f3 de Tarragona en el marco del Pla Impuls Dipta.<\/p>\n","protected":false},"excerpt":{"rendered":"<p>La Junta de Govern Local del 24 de novembre ha aprovat adjudicar a l\u2019empresa Irriga Watersolutions SL les obres de millora de la xarxa d\u2019aigua del Priorat i l\u2019Esplai per &hellip; <a href=\"https:\/\/bisbalpenedes.com\/web\/2025\/11\/27\/sadjudiquen-les-obres-de-millora-de-la-xarxa-daigua-al-priorat-i-lesplai-per-620-27705-e\/\" class=\"more-link\">Read More<\/a><\/p>\n","protected":false},"author":4,"featured_media":35389,"comment_status":"closed","ping_status":"closed","sticky":false,"template":"","format":"standard","meta":[],"categories":[8,3208],"tags":[393],"_links":{"self":[{"href":"https:\/\/bisbalpenedes.com\/web\/wp-json\/wp\/v2\/posts\/35381"}],"collection":[{"href":"https:\/\/bisbalpenedes.com\/web\/wp-json\/wp\/v2\/posts"}],"about":[{"href":"https:\/\/bisbalpenedes.com\/web\/wp-json\/wp\/v2\/types\/post"}],"author":[{"embeddable":true,"href":"https:\/\/bisbalpenedes.com\/web\/wp-json\/wp\/v2\/users\/4"}],"replies":[{"embeddable":true,"href":"https:\/\/bisbalpenedes.com\/web\/wp-json\/wp\/v2\/comments?post=35381"}],"version-history":[{"count":3,"href":"https:\/\/bisbalpenedes.com\/web\/wp-json\/wp\/v2\/posts\/35381\/revisions"}],"predecessor-version":[{"id":35394,"href":"https:\/\/bisbalpenedes.com\/web\/wp-json\/wp\/v2\/posts\/35381\/revisions\/35394"}],"wp:featuredmedia":[{"embeddable":true,"href":"https:\/\/bisbalpenedes.com\/web\/wp-json\/wp\/v2\/media\/35389"}],"wp:attachment":[{"href":"https:\/\/bisbalpenedes.com\/web\/wp-json\/wp\/v2\/media?parent=35381"}],"wp:term":[{"taxonomy":"category","embeddable":true,"href":"https:\/\/bisbalpenedes.com\/web\/wp-json\/wp\/v2\/categories?post=35381"},{"taxonomy":"post_tag","embeddable":true,"href":"https:\/\/bisbalpenedes.com\/web\/wp-json\/wp\/v2\/tags?post=35381"}],"curies":[{"name":"wp","href":"https:\/\/api.w.org\/{rel}","templated":true}]}}