{"id":35378,"date":"2025-11-27T18:38:29","date_gmt":"2025-11-27T16:38:29","guid":{"rendered":"https:\/\/bisbalpenedes.com\/web\/?p=35378"},"modified":"2025-11-27T18:38:29","modified_gmt":"2025-11-27T16:38:29","slug":"sadjudiquen-els-serveis-de-casal-destiu-i-casal-de-nadal-a-la-ballaruga","status":"publish","type":"post","link":"https:\/\/bisbalpenedes.com\/web\/2025\/11\/27\/sadjudiquen-els-serveis-de-casal-destiu-i-casal-de-nadal-a-la-ballaruga\/","title":{"rendered":"<strong>S\u2019adjudiquen els serveis de Casal d\u2019estiu i Casal de Nadal a la Ballaruga<\/strong>"},"content":{"rendered":"\n<p>La Junta de Govern celebrada el 24 de novembre ha adjudicat, mitjan\u00e7ant procediment obert simplificat, els serveis del Casal d\u2019Estiu i del Casal de Nadal a l\u2019Associaci\u00f3 Grup d\u2019Entitats El Vendrell Educaci\u00f3 i Lleure, la Ballaruga. L\u2019import adjudicat \u00e9s de 30.850 \u20ac, exempt d\u2019IVA.<\/p>\n\n\n\n<p>Al procediment s\u2019hi havien presentat dues licitadores, i la Ballaruga ha estat la que ha obtingut una puntuaci\u00f3 m\u00e9s elevada en el conjunt de criteris t\u00e8cnics i econ\u00f2mics. La proposta presentada inclou diverses millores en l\u2019\u00e0mbit de l\u2019organitzaci\u00f3 i la log\u00edstica, com ara la incorporaci\u00f3 d\u2019un espai digital per a les fam\u00edlies, un sistema digital d\u2019assist\u00e8ncia i recollida amb control d\u2019autoritzats, i millores en el programa d\u2019activitats i sortides.<\/p>\n\n\n\n<p>La licitaci\u00f3 es va iniciar a comen\u00e7aments de setembre i el termini per presentar ofertes va finalitzar el 25 de setembre.<\/p>\n\n\n\n<hr class=\"wp-block-separator has-alpha-channel-opacity\"\/>\n\n\n\n<h2><strong>Se adjudican los servicios del Casal de verano y del Casal de Navidad a la Ballaruga<\/strong><\/h2>\n\n\n\n<p>La Junta de Gobierno celebrada el 24 de noviembre ha adjudicado, mediante procedimiento abierto simplificado, los servicios del Casal de Verano y del Casal de Navidad a la Associaci\u00f3 Grup d\u2019Entitats El Vendrell Educaci\u00f3 i Lleure, la Ballaruga. El importe adjudicado es de 30.850 \u20ac, exento de IVA.<\/p>\n\n\n\n<p>Al procedimiento se hab\u00edan presentado dos licitadoras, y la Ballaruga ha sido la que ha obtenido una puntuaci\u00f3n m\u00e1s elevada en el conjunto de criterios t\u00e9cnicos y econ\u00f3micos. La propuesta presentada incluye varias mejoras en el \u00e1mbito de la organizaci\u00f3n y la log\u00edstica, como la incorporaci\u00f3n de un espacio digital para las familias, un sistema digital de asistencia y recogida con control de personas autorizadas, y mejoras en el programa de actividades y salidas.<\/p>\n\n\n\n<p>La licitaci\u00f3n se inici\u00f3 a comienzos de septiembre y el plazo para presentar ofertas finaliz\u00f3 el 25 de septiembre.<\/p>\n","protected":false},"excerpt":{"rendered":"<p>La Junta de Govern celebrada el 24 de novembre ha adjudicat, mitjan\u00e7ant procediment obert simplificat, els serveis del Casal d\u2019Estiu i del Casal de Nadal a l\u2019Associaci\u00f3 Grup d\u2019Entitats El &hellip; <a href=\"https:\/\/bisbalpenedes.com\/web\/2025\/11\/27\/sadjudiquen-els-serveis-de-casal-destiu-i-casal-de-nadal-a-la-ballaruga\/\" class=\"more-link\">Read More<\/a><\/p>\n","protected":false},"author":4,"featured_media":35391,"comment_status":"closed","ping_status":"closed","sticky":false,"template":"","format":"standard","meta":[],"categories":[398,8],"tags":[],"_links":{"self":[{"href":"https:\/\/bisbalpenedes.com\/web\/wp-json\/wp\/v2\/posts\/35378"}],"collection":[{"href":"https:\/\/bisbalpenedes.com\/web\/wp-json\/wp\/v2\/posts"}],"about":[{"href":"https:\/\/bisbalpenedes.com\/web\/wp-json\/wp\/v2\/types\/post"}],"author":[{"embeddable":true,"href":"https:\/\/bisbalpenedes.com\/web\/wp-json\/wp\/v2\/users\/4"}],"replies":[{"embeddable":true,"href":"https:\/\/bisbalpenedes.com\/web\/wp-json\/wp\/v2\/comments?post=35378"}],"version-history":[{"count":1,"href":"https:\/\/bisbalpenedes.com\/web\/wp-json\/wp\/v2\/posts\/35378\/revisions"}],"predecessor-version":[{"id":35379,"href":"https:\/\/bisbalpenedes.com\/web\/wp-json\/wp\/v2\/posts\/35378\/revisions\/35379"}],"wp:featuredmedia":[{"embeddable":true,"href":"https:\/\/bisbalpenedes.com\/web\/wp-json\/wp\/v2\/media\/35391"}],"wp:attachment":[{"href":"https:\/\/bisbalpenedes.com\/web\/wp-json\/wp\/v2\/media?parent=35378"}],"wp:term":[{"taxonomy":"category","embeddable":true,"href":"https:\/\/bisbalpenedes.com\/web\/wp-json\/wp\/v2\/categories?post=35378"},{"taxonomy":"post_tag","embeddable":true,"href":"https:\/\/bisbalpenedes.com\/web\/wp-json\/wp\/v2\/tags?post=35378"}],"curies":[{"name":"wp","href":"https:\/\/api.w.org\/{rel}","templated":true}]}}