{"id":35334,"date":"2025-11-24T21:00:57","date_gmt":"2025-11-24T19:00:57","guid":{"rendered":"https:\/\/bisbalpenedes.com\/web\/?p=35334"},"modified":"2025-11-24T21:00:57","modified_gmt":"2025-11-24T19:00:57","slug":"avis-per-vent-per-a-la-matinada-i-mati-del-dimarts-25-de-novembre","status":"publish","type":"post","link":"https:\/\/bisbalpenedes.com\/web\/2025\/11\/24\/avis-per-vent-per-a-la-matinada-i-mati-del-dimarts-25-de-novembre\/","title":{"rendered":"Av\u00eds per vent per a la matinada i mat\u00ed del dimarts 25 de novembre"},"content":{"rendered":"\n<p>El Servei Meteorol\u00f2gic de Catalunya ha em\u00e8s un av\u00eds per vent per aquest dimarts (matinada i mat\u00ed). Extremeu les precaucions.<\/p>\n\n\n\n<hr class=\"wp-block-separator has-alpha-channel-opacity\"\/>\n\n\n\n<p>El Servei Meteorol\u00f2gic de Catalunya ha emitido un aviso por viento para este martes (madrugada y ma\u00f1ana). Extremad las precauciones.<\/p>\n\n\n\n<figure class=\"wp-block-image size-large\"><img loading=\"lazy\" width=\"1024\" height=\"1024\" src=\"https:\/\/bisbalpenedes.com\/web\/wp-content\/uploads\/2018\/01\/infografies_ventades_TOTS-1024x1024.jpg\" alt=\"\" class=\"wp-image-4424\" srcset=\"https:\/\/bisbalpenedes.com\/web\/wp-content\/uploads\/2018\/01\/infografies_ventades_TOTS-1024x1024.jpg 1024w, https:\/\/bisbalpenedes.com\/web\/wp-content\/uploads\/2018\/01\/infografies_ventades_TOTS-300x300.jpg 300w, https:\/\/bisbalpenedes.com\/web\/wp-content\/uploads\/2018\/01\/infografies_ventades_TOTS-100x100.jpg 100w, https:\/\/bisbalpenedes.com\/web\/wp-content\/uploads\/2018\/01\/infografies_ventades_TOTS-600x600.jpg 600w, https:\/\/bisbalpenedes.com\/web\/wp-content\/uploads\/2018\/01\/infografies_ventades_TOTS-150x150.jpg 150w, https:\/\/bisbalpenedes.com\/web\/wp-content\/uploads\/2018\/01\/infografies_ventades_TOTS-768x768.jpg 768w\" sizes=\"(max-width: 1024px) 100vw, 1024px\" \/><\/figure>\n","protected":false},"excerpt":{"rendered":"<p>El Servei Meteorol\u00f2gic de Catalunya ha em\u00e8s un av\u00eds per vent per aquest dimarts (matinada i mat\u00ed). Extremeu les precaucions. El Servei Meteorol\u00f2gic de Catalunya ha emitido un aviso por &hellip; <a href=\"https:\/\/bisbalpenedes.com\/web\/2025\/11\/24\/avis-per-vent-per-a-la-matinada-i-mati-del-dimarts-25-de-novembre\/\" class=\"more-link\">Read More<\/a><\/p>\n","protected":false},"author":4,"featured_media":35335,"comment_status":"closed","ping_status":"closed","sticky":false,"template":"","format":"standard","meta":[],"categories":[1628,8],"tags":[459,393,2050,1339],"_links":{"self":[{"href":"https:\/\/bisbalpenedes.com\/web\/wp-json\/wp\/v2\/posts\/35334"}],"collection":[{"href":"https:\/\/bisbalpenedes.com\/web\/wp-json\/wp\/v2\/posts"}],"about":[{"href":"https:\/\/bisbalpenedes.com\/web\/wp-json\/wp\/v2\/types\/post"}],"author":[{"embeddable":true,"href":"https:\/\/bisbalpenedes.com\/web\/wp-json\/wp\/v2\/users\/4"}],"replies":[{"embeddable":true,"href":"https:\/\/bisbalpenedes.com\/web\/wp-json\/wp\/v2\/comments?post=35334"}],"version-history":[{"count":1,"href":"https:\/\/bisbalpenedes.com\/web\/wp-json\/wp\/v2\/posts\/35334\/revisions"}],"predecessor-version":[{"id":35336,"href":"https:\/\/bisbalpenedes.com\/web\/wp-json\/wp\/v2\/posts\/35334\/revisions\/35336"}],"wp:featuredmedia":[{"embeddable":true,"href":"https:\/\/bisbalpenedes.com\/web\/wp-json\/wp\/v2\/media\/35335"}],"wp:attachment":[{"href":"https:\/\/bisbalpenedes.com\/web\/wp-json\/wp\/v2\/media?parent=35334"}],"wp:term":[{"taxonomy":"category","embeddable":true,"href":"https:\/\/bisbalpenedes.com\/web\/wp-json\/wp\/v2\/categories?post=35334"},{"taxonomy":"post_tag","embeddable":true,"href":"https:\/\/bisbalpenedes.com\/web\/wp-json\/wp\/v2\/tags?post=35334"}],"curies":[{"name":"wp","href":"https:\/\/api.w.org\/{rel}","templated":true}]}}