{"id":35302,"date":"2025-11-20T13:17:25","date_gmt":"2025-11-20T11:17:25","guid":{"rendered":"https:\/\/bisbalpenedes.com\/web\/?p=35302"},"modified":"2025-11-20T13:17:25","modified_gmt":"2025-11-20T11:17:25","slug":"avui-dijous-illuminarem-la-facana-de-la-casa-de-la-vila-de-color-blau-amb-motiu-del-dia-universal-dels-drets-dels-infants","status":"publish","type":"post","link":"https:\/\/bisbalpenedes.com\/web\/2025\/11\/20\/avui-dijous-illuminarem-la-facana-de-la-casa-de-la-vila-de-color-blau-amb-motiu-del-dia-universal-dels-drets-dels-infants\/","title":{"rendered":"Avui dijous il\u00b7luminarem la fa\u00e7ana de la Casa de la Vila de color blau amb motiu del Dia Universal dels Drets dels Infants"},"content":{"rendered":"\n<p>Avui dijous, al vespre, l\u2019Ajuntament de la Bisbal del Pened\u00e8s lluir\u00e0 en blau per commemorar el Dia Universal dels Drets dels Infants, una jornada dedicada a tots els infants del m\u00f3n.<\/p>\n\n\n\n<p>Aquest dia busca recordar i promoure els drets i el benestar dels infants arreu, incloent la salut, l\u2019educaci\u00f3, la protecci\u00f3 i la millora de la qualitat de vida. La data, 20 de novembre, recorda l\u2019aprovaci\u00f3 de la Declaraci\u00f3 dels Drets del Nen (1959) i de la Convenci\u00f3 sobre els Drets del Nen (1989).<\/p>\n\n\n\n<hr class=\"wp-block-separator has-alpha-channel-opacity\"\/>\n\n\n\n<p>Hoy jueves, al anochecer, el Ajuntament de la Bisbal del Pened\u00e8s se iluminar\u00e1 de azul para celebrar el D\u00eda Universal de los Derechos de los Ni\u00f1os, dedicado a todos los ni\u00f1os del mundo.<\/p>\n\n\n\n<p>Esta jornada pretende visibilizar y fomentar los derechos y el bienestar de la infancia a nivel mundial, incluyendo la salud, la educaci\u00f3n, la protecci\u00f3n y la mejora de la calidad de vida. Se celebra el 20 de noviembre en recuerdo de la aprobaci\u00f3n de la Declaraci\u00f3n de los Derechos del Ni\u00f1o (1959) y de la Convenci\u00f3n sobre los Derechos del Ni\u00f1o (1989).<\/p>\n","protected":false},"excerpt":{"rendered":"<p>Avui dijous, al vespre, l\u2019Ajuntament de la Bisbal del Pened\u00e8s lluir\u00e0 en blau per commemorar el Dia Universal dels Drets dels Infants, una jornada dedicada a tots els infants del &hellip; <a href=\"https:\/\/bisbalpenedes.com\/web\/2025\/11\/20\/avui-dijous-illuminarem-la-facana-de-la-casa-de-la-vila-de-color-blau-amb-motiu-del-dia-universal-dels-drets-dels-infants\/\" class=\"more-link\">Read More<\/a><\/p>\n","protected":false},"author":4,"featured_media":35303,"comment_status":"closed","ping_status":"closed","sticky":false,"template":"","format":"standard","meta":[],"categories":[2402,8],"tags":[459,7254,393],"_links":{"self":[{"href":"https:\/\/bisbalpenedes.com\/web\/wp-json\/wp\/v2\/posts\/35302"}],"collection":[{"href":"https:\/\/bisbalpenedes.com\/web\/wp-json\/wp\/v2\/posts"}],"about":[{"href":"https:\/\/bisbalpenedes.com\/web\/wp-json\/wp\/v2\/types\/post"}],"author":[{"embeddable":true,"href":"https:\/\/bisbalpenedes.com\/web\/wp-json\/wp\/v2\/users\/4"}],"replies":[{"embeddable":true,"href":"https:\/\/bisbalpenedes.com\/web\/wp-json\/wp\/v2\/comments?post=35302"}],"version-history":[{"count":1,"href":"https:\/\/bisbalpenedes.com\/web\/wp-json\/wp\/v2\/posts\/35302\/revisions"}],"predecessor-version":[{"id":35304,"href":"https:\/\/bisbalpenedes.com\/web\/wp-json\/wp\/v2\/posts\/35302\/revisions\/35304"}],"wp:featuredmedia":[{"embeddable":true,"href":"https:\/\/bisbalpenedes.com\/web\/wp-json\/wp\/v2\/media\/35303"}],"wp:attachment":[{"href":"https:\/\/bisbalpenedes.com\/web\/wp-json\/wp\/v2\/media?parent=35302"}],"wp:term":[{"taxonomy":"category","embeddable":true,"href":"https:\/\/bisbalpenedes.com\/web\/wp-json\/wp\/v2\/categories?post=35302"},{"taxonomy":"post_tag","embeddable":true,"href":"https:\/\/bisbalpenedes.com\/web\/wp-json\/wp\/v2\/tags?post=35302"}],"curies":[{"name":"wp","href":"https:\/\/api.w.org\/{rel}","templated":true}]}}