{"id":35293,"date":"2025-11-20T11:36:01","date_gmt":"2025-11-20T09:36:01","guid":{"rendered":"https:\/\/bisbalpenedes.com\/web\/?p=35293"},"modified":"2025-11-20T11:54:35","modified_gmt":"2025-11-20T09:54:35","slug":"el-dimecres-26-de-novembre-es-presentara-el-llibre-lultim-transhumant-al-cmc","status":"publish","type":"post","link":"https:\/\/bisbalpenedes.com\/web\/2025\/11\/20\/el-dimecres-26-de-novembre-es-presentara-el-llibre-lultim-transhumant-al-cmc\/","title":{"rendered":"El dimecres 26 de novembre es presentar\u00e0 el llibre &#8220;L&#8217;\u00faltim Transhumant&#8221; al CMC"},"content":{"rendered":"\n<p>L&#8217;auditori Salb\u00e0 del CMC acollir\u00e0 la presentaci\u00f3 del llibre &#8216;L&#8217;\u00faltim transhumant&#8217; el pr\u00f2xim dimecres 26 de novembre, a les 19:30h, en el marc de la <a rel=\"noreferrer noopener\" href=\"https:\/\/www.setmanapedraseca.cat\/\" target=\"_blank\">Setmana de la Pedra Seca 2025<\/a>. Tot seguit, es far\u00e0 una taula rodona sobre el patrimoni vinculat a la pastura. L&#8217;acte comptar\u00e0 amb el bisbalenc Ramon Rovira, president de la Coordinadora de la Pedra Seca del Baix Pened\u00e8s, descendent de la masia de Santsuies i apassionat de la pedra seca i l&#8217;excursionisme.<\/p>\n\n\n\n<p>&#8216;L&#8217;\u00faltim transhumant&#8217; (Viena Edicions, 2024) \u00e9s una novel\u00b7la de l&#8217;escriptor Jordi Romeu i Carol (Sant Pere de Riudebitlles, 1978) que homenatja el passat i, en concret, homenatja la transhum\u00e0ncia, la pastura, la ramaderia i la pagesia. L&#8217;obra va guanyar el III Premi de Narrativa Ciutat de Reus &#8220;Dir\u00e9 el que em fuig&#8221;. <\/p>\n\n\n\n<blockquote class=\"wp-block-quote\"><p>L&#8217;obra parla d&#8217;un fil que uneix dos pobles separats per centenars de quil\u00f2metres per\u00f2 units pel pas de ramats, de les esperances perdudes al llarg de la vida, per\u00f2 tamb\u00e9 del m\u00f3n de la droga entre la joventut dels anys vuitanta en molts pobles petits, dels amors impossibles i dels odis ancestrals arrelats a les fam\u00edlies. <\/p><\/blockquote>\n\n\n\n<p>En podeu saber m\u00e9s en aquesta entrevista del portal <a href=\"https:\/\/www.llegir.cat\/2025\/09\/entrevista-jordi-romeu-carol-lultim-transhumant\/\" target=\"_blank\" rel=\"noreferrer noopener\">llegir.cat<\/a><\/p>\n\n\n\n<hr class=\"wp-block-separator has-alpha-channel-opacity\"\/>\n\n\n\n<p>El auditorio Salb\u00e0 del CMC acoger\u00e1 la presentaci\u00f3n del libro \u2018L\u2019\u00faltim transhumant\u2019 el pr\u00f3ximo mi\u00e9rcoles 26 de noviembre, a las 19:30h, en el marco de la Semana de la Piedra Seca 2025. A continuaci\u00f3n, se celebrar\u00e1 una mesa redonda sobre el patrimonio vinculado al pastoreo. El acto contar\u00e1 con la participaci\u00f3n del bisbalenc Ramon Rovira, presidente de la Coordinadora de la Pedra Seca del Baix Pened\u00e8s, descendiente de la mas\u00eda de Santsuies y apasionado de la piedra seca y el excursionismo.<\/p>\n\n\n\n<p>\u2018L\u2019\u00faltim transhumant\u2019 (Viena Edicions, 2024) es una novela del escritor Jordi Romeu Carol (Sant Pere de Riudebitlles, 1978) que rinde homenaje al pasado y, en concreto, a la trashumancia, el pastoreo, la ganader\u00eda y el mundo rural. La obra gan\u00f3 el III Premi de Narrativa Ciutat de Reus \u201cDir\u00e9 el que em fuig\u201d.<\/p>\n\n\n\n<blockquote class=\"wp-block-quote\"><p>La obra habla de un hilo que une dos pueblos separados por cientos de kil\u00f3metros pero conectados por el paso de reba\u00f1os; de las esperanzas perdidas a lo largo de la vida, pero tambi\u00e9n del mundo de la droga entre la juventud de los a\u00f1os ochenta en muchos pueblos peque\u00f1os; de amores imposibles y de odios ancestrales arraigados en las familias.<\/p><\/blockquote>\n\n\n\n<p>Pod\u00e9is saber m\u00e1s en esta entrevista del portal <a href=\"https:\/\/www.llegir.cat\/2025\/09\/entrevista-jordi-romeu-carol-lultim-transhumant\/\" target=\"_blank\" rel=\"noreferrer noopener\">llegir.cat<\/a><\/p>\n\n\n\n<figure class=\"wp-block-image size-large\"><img loading=\"lazy\" width=\"724\" height=\"1024\" src=\"https:\/\/bisbalpenedes.com\/web\/wp-content\/uploads\/2025\/11\/PRESNTACIO\u0301-LLIBRE-724x1024.png\" alt=\"\" class=\"wp-image-35294\" srcset=\"https:\/\/bisbalpenedes.com\/web\/wp-content\/uploads\/2025\/11\/PRESNTACIO\u0301-LLIBRE-724x1024.png 724w, https:\/\/bisbalpenedes.com\/web\/wp-content\/uploads\/2025\/11\/PRESNTACIO\u0301-LLIBRE-212x300.png 212w, https:\/\/bisbalpenedes.com\/web\/wp-content\/uploads\/2025\/11\/PRESNTACIO\u0301-LLIBRE-768x1086.png 768w, https:\/\/bisbalpenedes.com\/web\/wp-content\/uploads\/2025\/11\/PRESNTACIO\u0301-LLIBRE-1086x1536.png 1086w, https:\/\/bisbalpenedes.com\/web\/wp-content\/uploads\/2025\/11\/PRESNTACIO\u0301-LLIBRE-1448x2048.png 1448w, https:\/\/bisbalpenedes.com\/web\/wp-content\/uploads\/2025\/11\/PRESNTACIO\u0301-LLIBRE-600x849.png 600w, https:\/\/bisbalpenedes.com\/web\/wp-content\/uploads\/2025\/11\/PRESNTACIO\u0301-LLIBRE.png 1587w\" sizes=\"(max-width: 724px) 100vw, 724px\" \/><\/figure>\n","protected":false},"excerpt":{"rendered":"<p>L&#8217;auditori Salb\u00e0 del CMC acollir\u00e0 la presentaci\u00f3 del llibre &#8216;L&#8217;\u00faltim transhumant&#8217; el pr\u00f2xim dimecres 26 de novembre, a les 19:30h, en el marc de la Setmana de la Pedra Seca &hellip; <a href=\"https:\/\/bisbalpenedes.com\/web\/2025\/11\/20\/el-dimecres-26-de-novembre-es-presentara-el-llibre-lultim-transhumant-al-cmc\/\" class=\"more-link\">Read More<\/a><\/p>\n","protected":false},"author":4,"featured_media":35269,"comment_status":"closed","ping_status":"closed","sticky":false,"template":"","format":"standard","meta":[],"categories":[4155,13,8],"tags":[459,7252,7251,393,1374,48,7253],"_links":{"self":[{"href":"https:\/\/bisbalpenedes.com\/web\/wp-json\/wp\/v2\/posts\/35293"}],"collection":[{"href":"https:\/\/bisbalpenedes.com\/web\/wp-json\/wp\/v2\/posts"}],"about":[{"href":"https:\/\/bisbalpenedes.com\/web\/wp-json\/wp\/v2\/types\/post"}],"author":[{"embeddable":true,"href":"https:\/\/bisbalpenedes.com\/web\/wp-json\/wp\/v2\/users\/4"}],"replies":[{"embeddable":true,"href":"https:\/\/bisbalpenedes.com\/web\/wp-json\/wp\/v2\/comments?post=35293"}],"version-history":[{"count":4,"href":"https:\/\/bisbalpenedes.com\/web\/wp-json\/wp\/v2\/posts\/35293\/revisions"}],"predecessor-version":[{"id":35300,"href":"https:\/\/bisbalpenedes.com\/web\/wp-json\/wp\/v2\/posts\/35293\/revisions\/35300"}],"wp:featuredmedia":[{"embeddable":true,"href":"https:\/\/bisbalpenedes.com\/web\/wp-json\/wp\/v2\/media\/35269"}],"wp:attachment":[{"href":"https:\/\/bisbalpenedes.com\/web\/wp-json\/wp\/v2\/media?parent=35293"}],"wp:term":[{"taxonomy":"category","embeddable":true,"href":"https:\/\/bisbalpenedes.com\/web\/wp-json\/wp\/v2\/categories?post=35293"},{"taxonomy":"post_tag","embeddable":true,"href":"https:\/\/bisbalpenedes.com\/web\/wp-json\/wp\/v2\/tags?post=35293"}],"curies":[{"name":"wp","href":"https:\/\/api.w.org\/{rel}","templated":true}]}}