{"id":35283,"date":"2025-11-20T09:51:12","date_gmt":"2025-11-20T07:51:12","guid":{"rendered":"https:\/\/bisbalpenedes.com\/web\/?p=35283"},"modified":"2025-11-20T09:51:12","modified_gmt":"2025-11-20T07:51:12","slug":"la-junta-de-govern-del-dilluns-24-de-novembre-conte-una-proposta-amb-competencia-delegada-del-ple","status":"publish","type":"post","link":"https:\/\/bisbalpenedes.com\/web\/2025\/11\/20\/la-junta-de-govern-del-dilluns-24-de-novembre-conte-una-proposta-amb-competencia-delegada-del-ple\/","title":{"rendered":"La Junta de govern del dilluns 24 de novembre cont\u00e9 una proposta amb compet\u00e8ncia delegada del Ple"},"content":{"rendered":"\n<p>El pr\u00f2xim dilluns 24 de novembre se celebrar\u00e0 una Junta de govern que cont\u00e9 una proposta que \u00e9s compet\u00e8ncia del Ple delegada a la Junta, segons acord plenari del 6 de juliol de 2023. \u00c9s la seg\u00fcent:<\/p>\n\n\n\n<ul><li>Adjudicaci\u00f3 dels lots 2 i 3 de les obres de millora de la xarxa d&#8217;aigua<\/li><\/ul>\n\n\n\n<p>Les sessions de la Junta de Govern local no s\u00f3n p\u00fabliques, per\u00f2 quan actua en compet\u00e8ncies delegades del Ple, la sessi\u00f3 se sotmet als mateixos requisits de publicitat que les sessions del Ple, que s\u00f3n p\u00fabliques. Aix\u00ed ho va declarar la STS 161\/2013, de 26 de setembre.<\/p>\n\n\n\n<p>Per aquest motiu, a les 17h s&#8217;obriran les portes de la sala de plens per tal que hi pugui assistir p\u00fablic. Tamb\u00e9 es gravar\u00e0 aquest punt de l&#8217;ordre del dia i posteriorment es publicar\u00e0 per garantir la seva publicitat.<\/p>\n\n\n\n<hr class=\"wp-block-separator has-alpha-channel-opacity\"\/>\n\n\n\n<p>El pr\u00f3ximo lunes 24 de noviembre se celebrar\u00e1 una Junta de Gobierno que incluye una propuesta que es competencia del Pleno delegada a la Junta, seg\u00fan acuerdo plenario del 6 de julio de 2023. Es la siguiente:<\/p>\n\n\n\n<ul><li>Adjudicaci\u00f3n de los lotes 2 y 3 de las obras de mejora de la red de agua.<\/li><\/ul>\n\n\n\n<p>Las sesiones de la Junta de Gobierno Local no son p\u00fablicas, pero cuando act\u00faa en competencias delegadas del Pleno, la sesi\u00f3n debe cumplir los mismos requisitos de publicidad que las sesiones del Pleno, que s\u00ed son p\u00fablicas. As\u00ed lo estableci\u00f3 la STS 161\/2013, de 26 de septiembre.<\/p>\n\n\n\n<p>Por este motivo, a las 17 h se abrir\u00e1n las puertas de la sala de plenos para que pueda asistir p\u00fablico. Tambi\u00e9n se grabar\u00e1 este punto del orden del d\u00eda y posteriormente se publicar\u00e1 para garantizar su publicidad.<\/p>\n","protected":false},"excerpt":{"rendered":"<p>El pr\u00f2xim dilluns 24 de novembre se celebrar\u00e0 una Junta de govern que cont\u00e9 una proposta que \u00e9s compet\u00e8ncia del Ple delegada a la Junta, segons acord plenari del 6 &hellip; <a href=\"https:\/\/bisbalpenedes.com\/web\/2025\/11\/20\/la-junta-de-govern-del-dilluns-24-de-novembre-conte-una-proposta-amb-competencia-delegada-del-ple\/\" class=\"more-link\">Read More<\/a><\/p>\n","protected":false},"author":4,"featured_media":35284,"comment_status":"closed","ping_status":"closed","sticky":false,"template":"","format":"standard","meta":[],"categories":[3085,8],"tags":[459,5054,686,393,7247],"_links":{"self":[{"href":"https:\/\/bisbalpenedes.com\/web\/wp-json\/wp\/v2\/posts\/35283"}],"collection":[{"href":"https:\/\/bisbalpenedes.com\/web\/wp-json\/wp\/v2\/posts"}],"about":[{"href":"https:\/\/bisbalpenedes.com\/web\/wp-json\/wp\/v2\/types\/post"}],"author":[{"embeddable":true,"href":"https:\/\/bisbalpenedes.com\/web\/wp-json\/wp\/v2\/users\/4"}],"replies":[{"embeddable":true,"href":"https:\/\/bisbalpenedes.com\/web\/wp-json\/wp\/v2\/comments?post=35283"}],"version-history":[{"count":2,"href":"https:\/\/bisbalpenedes.com\/web\/wp-json\/wp\/v2\/posts\/35283\/revisions"}],"predecessor-version":[{"id":35286,"href":"https:\/\/bisbalpenedes.com\/web\/wp-json\/wp\/v2\/posts\/35283\/revisions\/35286"}],"wp:featuredmedia":[{"embeddable":true,"href":"https:\/\/bisbalpenedes.com\/web\/wp-json\/wp\/v2\/media\/35284"}],"wp:attachment":[{"href":"https:\/\/bisbalpenedes.com\/web\/wp-json\/wp\/v2\/media?parent=35283"}],"wp:term":[{"taxonomy":"category","embeddable":true,"href":"https:\/\/bisbalpenedes.com\/web\/wp-json\/wp\/v2\/categories?post=35283"},{"taxonomy":"post_tag","embeddable":true,"href":"https:\/\/bisbalpenedes.com\/web\/wp-json\/wp\/v2\/tags?post=35283"}],"curies":[{"name":"wp","href":"https:\/\/api.w.org\/{rel}","templated":true}]}}