{"id":35278,"date":"2025-11-19T17:36:40","date_gmt":"2025-11-19T15:36:40","guid":{"rendered":"https:\/\/bisbalpenedes.com\/web\/?p=35278"},"modified":"2025-11-19T17:36:40","modified_gmt":"2025-11-19T15:36:40","slug":"el-dilluns-24-de-novembre-a-les-12h-se-celebrara-un-ple-extraordinari-en-el-ajuntament-de-la-bisbal-del-penedes","status":"publish","type":"post","link":"https:\/\/bisbalpenedes.com\/web\/2025\/11\/19\/el-dilluns-24-de-novembre-a-les-12h-se-celebrara-un-ple-extraordinari-en-el-ajuntament-de-la-bisbal-del-penedes\/","title":{"rendered":"<strong>El dilluns 24 de novembre a les 12h se celebrar\u00e0 un Ple extraordinari en el Ajuntament de la Bisbal del Pened\u00e8s<\/strong>"},"content":{"rendered":"\n<p>El pr\u00f2xim dilluns 24 de novembre, a les 12h, se celebrar\u00e0 un Ple extraordinari a l&#8217;Ajuntament de la Bisbal del Pened\u00e8s a petici\u00f3 dels tres grups de l&#8217;oposici\u00f3: La Bisbal Decideix, Tots som la Bisbal &#8211; Urbanizaciones Unidas i ERC-AM.<\/p>\n\n\n\n<p>Adjuntem les propostes sol\u00b7licitades per a la convocat\u00f2ria del Ple i que formaran part de l&#8217;ordre del dia. S\u00f3n les seg\u00fcents:<\/p>\n\n\n\n<ul><li><em>Punt 1: Revisi\u00f3 de la taxa abusiva de recollida de residus urbans calculats sobre le valor cadastral dels habitatges, habitatges d&#8217;\u00fas tur\u00edstic i locals comercials. Redacci\u00f3 de la nova ordenan\u00e7a fiscal n\u00ba12. Abaratir els costos de recollida eliminant el porta a porta a les urbanitzacions.<\/em><\/li><li><em>Punt 2: Defensa del municipalisme i per una gesti\u00f3 correcta i necess\u00e0ria del punt verd de La Bisbal del Pened\u00e8s.<\/em><\/li><li><em>Punt 3: Urgent inspecci\u00f3 i reparaci\u00f3 del dip\u00f2sit d&#8217;aigua de Can Gordei, Esplai i pou de l&#8217;Esplai.<\/em><\/li><li><em>Punt 4: Ampliaci\u00f3 de l&#8217;horari de la deixalleria<\/em><\/li><li><em>Punt 5: Proposta de reconeixement p\u00fablic del dol perinatal, gestacional i neonatal<\/em><\/li><li><em>Punt 6: Millora i dinamitzaci\u00f3 dels pol\u00edgons industrials de La Bisbal del Pened\u00e8s<\/em><\/li><li><em>Punt 7: Creaci\u00f3 del servei municipal de gesti\u00f3 \u00e8tica i integral de les col\u00f2nies felines<\/em><\/li><li><em>Punt 8: Projecte de camins escolars segurs a La Bisbal del Pened\u00e8s<\/em><\/li><\/ul>\n\n\n\n<hr class=\"wp-block-separator has-alpha-channel-opacity\"\/>\n\n\n\n<h2><strong>El lunes 24 de noviembre a las 12h se celebrar\u00e1 un Pleno extraordinario en el Ajuntament de la Bisbal del Pened\u00e8s<\/strong><\/h2>\n\n\n\n<p>El pr\u00f3ximo lunes 24 de noviembre, a las 12h, se celebrar\u00e1 un Pleno extraordinario en el Ajuntament de la Bisbal del Pened\u00e8s a petici\u00f3n de los tres grupos de la oposici\u00f3n: La Bisbal Decideix, Tots som la Bisbal &#8211; Urbanizaciones Unidas y ERC-AM.<\/p>\n\n\n\n<p>Adjuntamos las propuestas solicitadas para la convocatoria del Pleno y que formar\u00e1n parte del orden del d\u00eda son las siguientes:<\/p>\n\n\n\n<ul><li><em>Punto 1: Revisi\u00f3n de la tasa abusiva de recogida de residuos urbanos calculados sobre el valor catastral de las viviendas, viviendas de uso tur\u00edstico y locales comerciales. Redacci\u00f3n de la nueva ordenanza fiscal n\u00ba12. Abaratar los costes de recogida eliminando el puerta a puerta en las urbanizaciones<\/em><\/li><li><em>Punto 2: Defensa del municipalismo y por una gesti\u00f3n correcta y necesaria del punto verde de La Bisbal del Pened\u00e8s<\/em><\/li><li><em>Punto 3: Urgente inspecci\u00f3n y reparaci\u00f3n del dep\u00f3sito de agua de Can Gordei, Esplai y pozo del Esplai<\/em><\/li><li><em>Punto 4: Ampliaci\u00f3n del horario del punto verde (deixalleria)<\/em><\/li><li><em>Punto 5: Propuesta de reconocimiento p\u00fablico del duelo perinatal, gestacional y neonatal<\/em><\/li><li><em>Punto 6: Mejora y dinamizaci\u00f3n de los pol\u00edgonos industriales de La Bisbal del Pened\u00e8s<\/em><\/li><li><em>Punto 7: Creaci\u00f3n del servicio municipal de gesti\u00f3n \u00e9tica e integral de las colonias felinas<\/em><\/li><li><em>Punto 8: Proyecto de caminos escolares seguros de La Bisbal del Pened\u00e8s<\/em><\/li><\/ul>\n","protected":false},"excerpt":{"rendered":"<p>El pr\u00f2xim dilluns 24 de novembre, a les 12h, se celebrar\u00e0 un Ple extraordinari a l&#8217;Ajuntament de la Bisbal del Pened\u00e8s a petici\u00f3 dels tres grups de l&#8217;oposici\u00f3: La Bisbal &hellip; <a href=\"https:\/\/bisbalpenedes.com\/web\/2025\/11\/19\/el-dilluns-24-de-novembre-a-les-12h-se-celebrara-un-ple-extraordinari-en-el-ajuntament-de-la-bisbal-del-penedes\/\" class=\"more-link\">Read More<\/a><\/p>\n","protected":false},"author":4,"featured_media":33910,"comment_status":"closed","ping_status":"closed","sticky":false,"template":"","format":"standard","meta":[],"categories":[8,2251,2250],"tags":[459,393,423,7246],"_links":{"self":[{"href":"https:\/\/bisbalpenedes.com\/web\/wp-json\/wp\/v2\/posts\/35278"}],"collection":[{"href":"https:\/\/bisbalpenedes.com\/web\/wp-json\/wp\/v2\/posts"}],"about":[{"href":"https:\/\/bisbalpenedes.com\/web\/wp-json\/wp\/v2\/types\/post"}],"author":[{"embeddable":true,"href":"https:\/\/bisbalpenedes.com\/web\/wp-json\/wp\/v2\/users\/4"}],"replies":[{"embeddable":true,"href":"https:\/\/bisbalpenedes.com\/web\/wp-json\/wp\/v2\/comments?post=35278"}],"version-history":[{"count":2,"href":"https:\/\/bisbalpenedes.com\/web\/wp-json\/wp\/v2\/posts\/35278\/revisions"}],"predecessor-version":[{"id":35280,"href":"https:\/\/bisbalpenedes.com\/web\/wp-json\/wp\/v2\/posts\/35278\/revisions\/35280"}],"wp:featuredmedia":[{"embeddable":true,"href":"https:\/\/bisbalpenedes.com\/web\/wp-json\/wp\/v2\/media\/33910"}],"wp:attachment":[{"href":"https:\/\/bisbalpenedes.com\/web\/wp-json\/wp\/v2\/media?parent=35278"}],"wp:term":[{"taxonomy":"category","embeddable":true,"href":"https:\/\/bisbalpenedes.com\/web\/wp-json\/wp\/v2\/categories?post=35278"},{"taxonomy":"post_tag","embeddable":true,"href":"https:\/\/bisbalpenedes.com\/web\/wp-json\/wp\/v2\/tags?post=35278"}],"curies":[{"name":"wp","href":"https:\/\/api.w.org\/{rel}","templated":true}]}}