{"id":35273,"date":"2025-11-19T13:55:28","date_gmt":"2025-11-19T11:55:28","guid":{"rendered":"https:\/\/bisbalpenedes.com\/web\/?p=35273"},"modified":"2025-11-19T13:59:37","modified_gmt":"2025-11-19T11:59:37","slug":"torna-el-cicle-biblioteques-amb-do-amb-una-exposicio-una-biografia-teatralitzada-i-un-taller-infantil","status":"publish","type":"post","link":"https:\/\/bisbalpenedes.com\/web\/2025\/11\/19\/torna-el-cicle-biblioteques-amb-do-amb-una-exposicio-una-biografia-teatralitzada-i-un-taller-infantil\/","title":{"rendered":"Torna el Cicle &#8216;Biblioteques amb DO&#8217; amb una exposici\u00f3, una biografia teatralitzada i un taller infantil"},"content":{"rendered":"\n<p>Un any m\u00e9s, la Biblioteca p\u00fablica de la Bisbal del Pened\u00e8s i l&#8217;\u00e0rea de Cultura s&#8217;adhereixen a les activitats del cicle &#8220;Biblioteques amb DO&#8221;, el projecte que porta la cultura del vi a les biblioteques de Catalunya. Enguany, amb l&#8217;objectiu de rec\u00f3rrer la diversitat de les facetes de la cultura del vi, la 13\u00aa edici\u00f3 del cicle se centra en <a href=\"https:\/\/biblioteques.gencat.cat\/ca\/el-servei-de-biblioteques\/linies-dactivitat\/promocio_lectura_cultura\/projectes\/biblioteques_do\/index.html\" target=\"_blank\" rel=\"noreferrer noopener\">l&#8217;arquitectura del vi. <\/a><br><br><strong>EXPOSICI\u00d3<\/strong><\/p>\n\n\n\n<p>Fins al 28 de novembre podeu visitar l&#8217;exposici\u00f3 &#8220;La Construcci\u00f3 del celler cooperatiu de la Bisbal del Pened\u00e8s a la Biblioteca. Es tracta d&#8217;una mostra fotogr\u00e0fica sobre el proc\u00e9s de construcci\u00f3, el 1963, del celler cooperatiu de la Bisbal del Pened\u00e8s.<\/p>\n\n\n\n<p><strong>Horari de l&#8217;exposici\u00f3&nbsp;<\/strong>(fins al 28 de novembre): de dilluns a divendres de 16:30h a 20:30h i els dimecres al mat\u00ed de 10:30h a 14h.<\/p>\n\n\n\n<p><strong>BIOGRAFIA TEATRALITZADA &#8220;LES CATEDRALS DE MARTINELL&#8221;<\/strong><br>El divendres 21 de novembre, a les 19 h, es representar\u00e0 la biografia teatralitzada \u201cLes catedrals de Martinell\u201d, dins el programa Biblioteques amb DO 2025, dedicat enguany a \u201cL\u2019arquitectura del vi\u201d.<\/p>\n\n\n\n<p>La sessi\u00f3 anir\u00e0 a c\u00e0rrec de l&#8217;actor i director de teatre Roger Pall\u00e0s i inclour\u00e0 un tast de vi i cava de Cellers Domenys.<\/p>\n\n\n\n<p><strong>Cal reservar pla\u00e7a a&nbsp;<a href=\"mailto:biblioteca@bisbalpenedes.com\">biblioteca@bisbalpenedes.com<\/a>&nbsp;o al 601 900 588.<\/strong><\/p>\n\n\n\n<p>Es tracta d\u2019una biografia teatralitzada que dona veu a l\u2019arquitecte C\u00e8sar Martinell. El p\u00fablic acompanya Martinell des de la seva formaci\u00f3 amb Gaud\u00ed fins al seu paper clau en la creaci\u00f3 de les emblem\u00e0tiques \u201ccatedrals del vi\u201d, els cellers cooperatius que van transformar el sector vitivin\u00edcola catal\u00e0 despr\u00e9s de la fil\u00b7loxera. L\u2019espectacle retrata un Martinell activista i entusiasta de la cultura, defensor de la biblioteca p\u00fablica, de l\u2019escola en catal\u00e0 i d\u2019una arquitectura que combina tradici\u00f3 i innovaci\u00f3 per enfortir la identitat cultural del pa\u00eds.<\/p>\n\n\n\n<p>Una activitat organitzada en el marc de Biblioteques amb DO, amb la col\u00b7laboraci\u00f3 del Servei de Biblioteques de la Generalitat de Catalunya.<br><br><strong>TALLER INFANTIL <\/strong><br>Dijous 27 de novembre, a les 18h, a la biblioteca. Taller destinat a infants en el marc del cicle &#8220;Biblioteques amb DO&#8221;, enguany centrat en l&#8217;Arquitectura del vi. Construirem i descubrirem els secrets de l&#8217;arquitectura del vi.<\/p>\n\n\n\n<hr class=\"wp-block-separator has-alpha-channel-opacity\"\/>\n\n\n\n<p>Un a\u00f1o m\u00e1s, la Biblioteca p\u00fablica de la Bisbal del Pened\u00e8s y el \u00e1rea de Cultura se adhieren a las actividades del ciclo \u201cBiblioteques amb DO\u201d, el proyecto que lleva la cultura del vino a las bibliotecas de Catalu\u00f1a. Este a\u00f1o, con el objetivo de recorrer la diversidad de las facetas de la cultura del vino, la 13\u00aa edici\u00f3n del ciclo se centra en la arquitectura del vino.<\/p>\n\n\n\n<p><strong>EXPOSICI\u00d3N<\/strong><\/p>\n\n\n\n<p>Hasta el 28 de noviembre pod\u00e9is visitar la exposici\u00f3n \u201cLa Construcci\u00f3 del celler cooperatiu de la Bisbal del Pened\u00e8s\u201d en la Biblioteca. Se trata de una muestra fotogr\u00e1fica sobre el proceso de construcci\u00f3n, en 1963, del celler cooperatiu de la Bisbal del Pened\u00e8s.<\/p>\n\n\n\n<p>Horario de la exposici\u00f3n (hasta el 28 de noviembre): de lunes a viernes de 16:30 h a 20:30 h y los mi\u00e9rcoles por la ma\u00f1ana de 10:30 h a 14 h.<\/p>\n\n\n\n<p><strong>BIOGRAF\u00cdA TEATRALIZADA \u201cLES CATEDRALS DE MARTINELL\u201d<\/strong><\/p>\n\n\n\n<p>El viernes 21 de noviembre, a las 19 h, se representar\u00e1 la biograf\u00eda teatralizada \u201cLes catedrals de Martinell\u201d, dentro del programa Biblioteques amb DO 2025, dedicado este a\u00f1o a \u201cLa arquitectura del vino\u201d.<\/p>\n\n\n\n<p>La sesi\u00f3n ir\u00e1 a cargo del actor y director de teatro Roger Pall\u00e0s e incluir\u00e1 una cata de vino y cava de Cellers Domenys.<\/p>\n\n\n\n<p>Es necesario reservar plaza en <a href=\"mailto:biblioteca@bisbalpenedes.com\">biblioteca@bisbalpenedes.com<\/a> o en el 601 900 588.<\/p>\n\n\n\n<p>Se trata de una biograf\u00eda teatralizada que da voz al arquitecto C\u00e8sar Martinell. El p\u00fablico acompa\u00f1a a Martinell desde su formaci\u00f3n con Gaud\u00ed hasta su papel clave en la creaci\u00f3n de las emblem\u00e1ticas \u201ccatedrals del vi\u201d, los cellers cooperatius que transformaron el sector vitivin\u00edcola catal\u00e1n tras la filoxera. El espect\u00e1culo retrata a un Martinell activista y entusiasta de la cultura, defensor de la biblioteca p\u00fablica, de la escuela en catal\u00e1n y de una arquitectura que combina tradici\u00f3n e innovaci\u00f3n para reforzar la identidad cultural del pa\u00eds.<\/p>\n\n\n\n<p>Una actividad organizada en el marco de Biblioteques amb DO, con la colaboraci\u00f3n del Servei de Biblioteques de la Generalitat de Catalunya.<\/p>\n\n\n\n<p><strong>TALLER INFANTIL<\/strong><\/p>\n\n\n\n<p>Jueves 27 de noviembre, a las 18h, en la biblioteca. Taller destinado a ni\u00f1os en el marco del ciclo \u201cBiblioteques amb DO\u201d, este a\u00f1o centrado en la Arquitectura del vino. Construiremos y descubriremos los secretos de la arquitectura del vino.<\/p>\n","protected":false},"excerpt":{"rendered":"<p>Un any m\u00e9s, la Biblioteca p\u00fablica de la Bisbal del Pened\u00e8s i l&#8217;\u00e0rea de Cultura s&#8217;adhereixen a les activitats del cicle &#8220;Biblioteques amb DO&#8221;, el projecte que porta la cultura &hellip; <a href=\"https:\/\/bisbalpenedes.com\/web\/2025\/11\/19\/torna-el-cicle-biblioteques-amb-do-amb-una-exposicio-una-biografia-teatralitzada-i-un-taller-infantil\/\" class=\"more-link\">Read More<\/a><\/p>\n","protected":false},"author":4,"featured_media":35270,"comment_status":"closed","ping_status":"closed","sticky":false,"template":"","format":"standard","meta":[],"categories":[2478,13,8],"tags":[7245,459,180,7244,393],"_links":{"self":[{"href":"https:\/\/bisbalpenedes.com\/web\/wp-json\/wp\/v2\/posts\/35273"}],"collection":[{"href":"https:\/\/bisbalpenedes.com\/web\/wp-json\/wp\/v2\/posts"}],"about":[{"href":"https:\/\/bisbalpenedes.com\/web\/wp-json\/wp\/v2\/types\/post"}],"author":[{"embeddable":true,"href":"https:\/\/bisbalpenedes.com\/web\/wp-json\/wp\/v2\/users\/4"}],"replies":[{"embeddable":true,"href":"https:\/\/bisbalpenedes.com\/web\/wp-json\/wp\/v2\/comments?post=35273"}],"version-history":[{"count":4,"href":"https:\/\/bisbalpenedes.com\/web\/wp-json\/wp\/v2\/posts\/35273\/revisions"}],"predecessor-version":[{"id":35277,"href":"https:\/\/bisbalpenedes.com\/web\/wp-json\/wp\/v2\/posts\/35273\/revisions\/35277"}],"wp:featuredmedia":[{"embeddable":true,"href":"https:\/\/bisbalpenedes.com\/web\/wp-json\/wp\/v2\/media\/35270"}],"wp:attachment":[{"href":"https:\/\/bisbalpenedes.com\/web\/wp-json\/wp\/v2\/media?parent=35273"}],"wp:term":[{"taxonomy":"category","embeddable":true,"href":"https:\/\/bisbalpenedes.com\/web\/wp-json\/wp\/v2\/categories?post=35273"},{"taxonomy":"post_tag","embeddable":true,"href":"https:\/\/bisbalpenedes.com\/web\/wp-json\/wp\/v2\/tags?post=35273"}],"curies":[{"name":"wp","href":"https:\/\/api.w.org\/{rel}","templated":true}]}}