{"id":35257,"date":"2025-11-19T12:37:56","date_gmt":"2025-11-19T10:37:56","guid":{"rendered":"https:\/\/bisbalpenedes.com\/web\/?p=35257"},"modified":"2025-11-19T12:37:56","modified_gmt":"2025-11-19T10:37:56","slug":"aquest-diumenge-16-novembre-ha-estat-especialment-emotiu-per-a-diverses-entitats-bisbalenques","status":"publish","type":"post","link":"https:\/\/bisbalpenedes.com\/web\/2025\/11\/19\/aquest-diumenge-16-novembre-ha-estat-especialment-emotiu-per-a-diverses-entitats-bisbalenques\/","title":{"rendered":"Aquest diumenge 16 novembre ha estat especialment emotiu per a diverses entitats bisbalenques"},"content":{"rendered":"\n<p>Aquest diumenge 16 de novembre ha estat especialment intens i emotiu per a diverses entitats bisbalenques, que han viscut una jornada plena d\u2019activitat en alguns dels esdeveniments m\u00e9s multitudinaris del pa\u00eds.<\/p>\n\n\n\n<p><strong>Els Geganters i Grallers de la Societat han participat en una trobada nacional hist\u00f2rica &nbsp;<\/strong><\/p>\n\n\n\n<p>D&#8217;una banda, el grup de Geganters i Grallers de la Societat ha format part d&#8217;una trobada gegantera d\u2019abast hist\u00f2ric a l&#8217;Abadia de Montserrat, organitzada en el marc del Mil\u00b7lenari del monestir. La colla bisbalenca ha desfilat en una de les cercaviles simult\u00e0nies que han unit el Mirador dels Ap\u00f2stols amb la pla\u00e7a de Santa Maria, juntament amb prop d&#8217;una norantena de colles d&#8217;arreu de Catalunya. Alguns integrants han assistit posteriorment a la Missa Conventual, en qu\u00e8 la Federaci\u00f3 de Colles Geganteres de Catalunya ha llegit un text commemoratiu. En acabar l&#8217;ofici, els gegants Sebasti\u00e0 i Margarida, que enguany celebren el seu 50\u00e8 aniversari, han ballat al costat dels gaireb\u00e9 200 gegants participants, enmig del so vibrant de les gralles.<\/p>\n\n\n\n<p><strong>Els Senderistes Bisbalencs han arribat a Montserrat<\/strong><\/p>\n\n\n\n<p>En paral\u00b7lel, els Senderistes Bisbalencs tamb\u00e9 han arribat aquest diumenge a Montserrat, culminant la darrera etapa del recorregut Collbat\u00f3-Montserrat. M\u00e9s d&#8217;una vintena de caminaires han completat la pujada a peu, mentre que la resta els ha acompanyat en autocar. Un cop al recinte, el grup s&#8217;ha trobat amb els Geganters i Grallers de la Societat, unint-se a l&#8217;ambient festiu de la jornada.<\/p>\n\n\n\n<p><strong>La Colla Castellera La Bisbal del Pened\u00e8s &#8211; Bous celebra els 15 anys dels castells com a Patrimoni immaterial de la UNESCO<\/strong><\/p>\n\n\n\n<p>La celebraci\u00f3 cultural del cap de setmana s&#8217;ha completat amb la pres\u00e8ncia institucional de la Colla Castellera La Bisbal del Pened\u00e8s &#8211; Bous i de l&#8217;Ajuntament de la Bisbal del Pened\u00e8s a la gala &#8220;Som Patrimoni&#8221;, organitzada al Museu Nacional d&#8217;Art de Catalunya (MNAC) amb motiu del 15\u00e8 aniversari de la inscripci\u00f3 dels castells com a Patrimoni Cultural Immaterial de la Humanitat per la Unesco, un reconeixement que data del 2010. L\u2019acte ha comptat amb nombroses colles d\u2019arreu del pa\u00eds i amb representants institucionals, entre els quals el president del Parlament de Catalunya, Josep Rull. En representaci\u00f3 bisbalenca hi han assistit el cap de colla, Eloi Garcia, i el president de la colla, Sergi B\u00e0guena, acompanyats per l&#8217;alcaldessa Agn\u00e8s Ferr\u00e9 i la regidora de Cultura, Judith Vidal.<\/p>\n\n\n\n<hr class=\"wp-block-separator has-alpha-channel-opacity\"\/>\n\n\n\n<h2>Este domingo 16 de noviembre ha sido especialmente emotivo para varias entidades bisbalenques<\/h2>\n\n\n\n<p>Este domingo 16 de noviembre ha sido especialmente intenso y emotivo para diversas entidades de la Bisbal, que han vivido una jornada llena de actividad en algunos de los eventos m\u00e1s multitudinarios del pa\u00eds.<br><strong>Los Geganters y Grallers de la Societat han participado en un encuentro nacional hist\u00f3rico.<\/strong><\/p>\n\n\n\n<p>Por un lado, el grupo de Geganters y Grallers de la Societat ha formado parte de un encuentro de <em>gegants<\/em> de alcance hist\u00f3rico en la Abad\u00eda de Montserrat, organizado en el marco del Milenario del monasterio. La colla bisbalenca ha desfilado en una de las pasacalles simult\u00e1neas que han unido el Mirador dels Ap\u00f2stols con la plaza de Santa Maria, junto con cerca de noventa collas de toda Catalu\u00f1a. Algunos integrantes han asistido posteriormente a la Misa Conventual, en la que la Federaci\u00f3 de Colles Geganteres de Catalunya ha le\u00eddo un texto conmemorativo. Al finalizar el oficio, los gigantes Sebasti\u00e0 y Margarida, que este a\u00f1o celebran su 50 aniversario, han bailado junto a los casi 200 gigantes participantes, entre el sonido vibrante de las grallas.<\/p>\n\n\n\n<figure class=\"wp-block-image size-large\"><img loading=\"lazy\" width=\"768\" height=\"1024\" src=\"https:\/\/bisbalpenedes.com\/web\/wp-content\/uploads\/2025\/11\/GEGANTS-MONTSERRAT-768x1024.jpg\" alt=\"\" class=\"wp-image-35260\" srcset=\"https:\/\/bisbalpenedes.com\/web\/wp-content\/uploads\/2025\/11\/GEGANTS-MONTSERRAT-768x1024.jpg 768w, https:\/\/bisbalpenedes.com\/web\/wp-content\/uploads\/2025\/11\/GEGANTS-MONTSERRAT-225x300.jpg 225w, https:\/\/bisbalpenedes.com\/web\/wp-content\/uploads\/2025\/11\/GEGANTS-MONTSERRAT-1152x1536.jpg 1152w, https:\/\/bisbalpenedes.com\/web\/wp-content\/uploads\/2025\/11\/GEGANTS-MONTSERRAT-600x800.jpg 600w, https:\/\/bisbalpenedes.com\/web\/wp-content\/uploads\/2025\/11\/GEGANTS-MONTSERRAT.jpg 1536w\" sizes=\"(max-width: 768px) 100vw, 768px\" \/><\/figure>\n\n\n\n<p><strong>Los Senderistes Bisbalencs han llegado a Montserrat<\/strong><\/p>\n\n\n\n<p>Paralelamente, los Senderistes Bisbalencs tambi\u00e9n han llegado este domingo a Montserrat, culminando la \u00faltima etapa del recorrido Collbat\u00f3-Montserrat. M\u00e1s de una veintena de caminantes han completado la subida a pie, mientras que el resto los ha acompa\u00f1ado en autocar. Una vez en el recinto, el grupo se ha encontrado con los Geganters i Grallers de la Societat, uni\u00e9ndose al ambiente festivo de la jornada.<\/p>\n\n\n\n<figure class=\"wp-block-image size-large\"><img loading=\"lazy\" width=\"1024\" height=\"461\" src=\"https:\/\/bisbalpenedes.com\/web\/wp-content\/uploads\/2025\/11\/SENDERISTES-MONTSERRAT-1024x461.jpg\" alt=\"\" class=\"wp-image-35261\" srcset=\"https:\/\/bisbalpenedes.com\/web\/wp-content\/uploads\/2025\/11\/SENDERISTES-MONTSERRAT-1024x461.jpg 1024w, https:\/\/bisbalpenedes.com\/web\/wp-content\/uploads\/2025\/11\/SENDERISTES-MONTSERRAT-300x135.jpg 300w, https:\/\/bisbalpenedes.com\/web\/wp-content\/uploads\/2025\/11\/SENDERISTES-MONTSERRAT-768x346.jpg 768w, https:\/\/bisbalpenedes.com\/web\/wp-content\/uploads\/2025\/11\/SENDERISTES-MONTSERRAT-1536x692.jpg 1536w, https:\/\/bisbalpenedes.com\/web\/wp-content\/uploads\/2025\/11\/SENDERISTES-MONTSERRAT-2048x922.jpg 2048w, https:\/\/bisbalpenedes.com\/web\/wp-content\/uploads\/2025\/11\/SENDERISTES-MONTSERRAT-600x270.jpg 600w\" sizes=\"(max-width: 1024px) 100vw, 1024px\" \/><\/figure>\n\n\n\n<p><strong>La Colla Castellera La Bisbal del Pened\u00e8s &#8211; Bous celebra los 15 a\u00f1os de los castells como Patrimonio Inmaterial de la UNESCO<\/strong><\/p>\n\n\n\n<p>La celebraci\u00f3n cultural del fin de semana se ha completado con la presencia institucional de la Colla Castellera La Bisbal del Pened\u00e8s &#8211; Bous y del Ajuntament de la Bisbal del Pened\u00e8s en la gala \u201cSom Patrimoni\u201d, organizada en el Museu Nacional d\u2019Art de Catalunya (MNAC) con motivo del 15\u00ba aniversario de la inscripci\u00f3n de los castells como Patrimonio Cultural Inmaterial de la Humanidad por la Unesco, un reconocimiento que data de 2010. El acto ha contado con numerosas collas de todo el pa\u00eds y con representantes institucionales, entre ellos el presidente del Parlament de Catalunya, Josep Rull. En representaci\u00f3n bisbalense han asistido el cap de colla, Eloi Garcia, y el presidente de la colla, Sergi B\u00e0guena, acompa\u00f1ados por la alcaldesa Agn\u00e8s Ferr\u00e9 y la concejala de Cultura, Judith Vidal.<\/p>\n\n\n\n<figure class=\"wp-block-image size-large\"><img loading=\"lazy\" width=\"1024\" height=\"779\" src=\"https:\/\/bisbalpenedes.com\/web\/wp-content\/uploads\/2025\/11\/CASTELLS-UNESCO-1024x779.jpg\" alt=\"\" class=\"wp-image-35262\" srcset=\"https:\/\/bisbalpenedes.com\/web\/wp-content\/uploads\/2025\/11\/CASTELLS-UNESCO-1024x779.jpg 1024w, https:\/\/bisbalpenedes.com\/web\/wp-content\/uploads\/2025\/11\/CASTELLS-UNESCO-300x228.jpg 300w, https:\/\/bisbalpenedes.com\/web\/wp-content\/uploads\/2025\/11\/CASTELLS-UNESCO-768x584.jpg 768w, https:\/\/bisbalpenedes.com\/web\/wp-content\/uploads\/2025\/11\/CASTELLS-UNESCO-600x457.jpg 600w, https:\/\/bisbalpenedes.com\/web\/wp-content\/uploads\/2025\/11\/CASTELLS-UNESCO.jpg 1167w\" sizes=\"(max-width: 1024px) 100vw, 1024px\" \/><\/figure>\n","protected":false},"excerpt":{"rendered":"<p>Aquest diumenge 16 de novembre ha estat especialment intens i emotiu per a diverses entitats bisbalenques, que han viscut una jornada plena d\u2019activitat en alguns dels esdeveniments m\u00e9s multitudinaris del &hellip; <a href=\"https:\/\/bisbalpenedes.com\/web\/2025\/11\/19\/aquest-diumenge-16-novembre-ha-estat-especialment-emotiu-per-a-diverses-entitats-bisbalenques\/\" class=\"more-link\">Read More<\/a><\/p>\n","protected":false},"author":4,"featured_media":35259,"comment_status":"closed","ping_status":"closed","sticky":false,"template":"","format":"standard","meta":[],"categories":[20,8],"tags":[393,7243],"_links":{"self":[{"href":"https:\/\/bisbalpenedes.com\/web\/wp-json\/wp\/v2\/posts\/35257"}],"collection":[{"href":"https:\/\/bisbalpenedes.com\/web\/wp-json\/wp\/v2\/posts"}],"about":[{"href":"https:\/\/bisbalpenedes.com\/web\/wp-json\/wp\/v2\/types\/post"}],"author":[{"embeddable":true,"href":"https:\/\/bisbalpenedes.com\/web\/wp-json\/wp\/v2\/users\/4"}],"replies":[{"embeddable":true,"href":"https:\/\/bisbalpenedes.com\/web\/wp-json\/wp\/v2\/comments?post=35257"}],"version-history":[{"count":2,"href":"https:\/\/bisbalpenedes.com\/web\/wp-json\/wp\/v2\/posts\/35257\/revisions"}],"predecessor-version":[{"id":35263,"href":"https:\/\/bisbalpenedes.com\/web\/wp-json\/wp\/v2\/posts\/35257\/revisions\/35263"}],"wp:featuredmedia":[{"embeddable":true,"href":"https:\/\/bisbalpenedes.com\/web\/wp-json\/wp\/v2\/media\/35259"}],"wp:attachment":[{"href":"https:\/\/bisbalpenedes.com\/web\/wp-json\/wp\/v2\/media?parent=35257"}],"wp:term":[{"taxonomy":"category","embeddable":true,"href":"https:\/\/bisbalpenedes.com\/web\/wp-json\/wp\/v2\/categories?post=35257"},{"taxonomy":"post_tag","embeddable":true,"href":"https:\/\/bisbalpenedes.com\/web\/wp-json\/wp\/v2\/tags?post=35257"}],"curies":[{"name":"wp","href":"https:\/\/api.w.org\/{rel}","templated":true}]}}