{"id":35240,"date":"2025-11-17T12:52:54","date_gmt":"2025-11-17T10:52:54","guid":{"rendered":"https:\/\/bisbalpenedes.com\/web\/?p=35240"},"modified":"2025-11-17T12:52:54","modified_gmt":"2025-11-17T10:52:54","slug":"revista-torre-de-guaita-edicio-setembre-i-octubre-de-2025","status":"publish","type":"post","link":"https:\/\/bisbalpenedes.com\/web\/2025\/11\/17\/revista-torre-de-guaita-edicio-setembre-i-octubre-de-2025\/","title":{"rendered":"Revista Torre de Guaita: edici\u00f3 setembre i octubre de 2025"},"content":{"rendered":"\n<p>L&#8217;edici\u00f3 dels mesos de setembre i octubre de 2025 de la revista municipal Torre de Guaita tamb\u00e9 est\u00e0 disponible en format digital. Us la podeu descarregar aqu\u00ed:<br><a href=\"https:\/\/bisbalpenedes.com\/web\/wp-content\/uploads\/2025\/11\/Torre_de_Guaita_68_Setembre-Octubre_2025.pdf\" target=\"_blank\" rel=\"noreferrer noopener\">https:\/\/bisbalpenedes.com\/web\/wp-content\/uploads\/2025\/11\/Torre_de_Guaita_68_Setembre-Octubre_2025.pdf<\/a><\/p>\n\n\n\n<hr class=\"wp-block-separator has-alpha-channel-opacity\"\/>\n\n\n\n<p>La edici\u00f3n de los meses de septiembre y octubre de 2025 de la revista municipal Torre de Guaita tambi\u00e9n est\u00e1 disponible en formato digital. Os la pod\u00e9is descargar aqu\u00ed:<br><a href=\"https:\/\/bisbalpenedes.com\/web\/wp-content\/uploads\/2025\/11\/Torre_de_Guaita_68_Setembre-Octubre_2025.pdf\" target=\"_blank\" rel=\"noreferrer noopener\">https:\/\/bisbalpenedes.com\/web\/wp-content\/uploads\/2025\/11\/Torre_de_Guaita_68_Setembre-Octubre_2025.pdf<\/a><\/p>\n","protected":false},"excerpt":{"rendered":"<p>L&#8217;edici\u00f3 dels mesos de setembre i octubre de 2025 de la revista municipal Torre de Guaita tamb\u00e9 est\u00e0 disponible en format digital. Us la podeu descarregar aqu\u00ed:https:\/\/bisbalpenedes.com\/web\/wp-content\/uploads\/2025\/11\/Torre_de_Guaita_68_Setembre-Octubre_2025.pdf La edici\u00f3n de &hellip; <a href=\"https:\/\/bisbalpenedes.com\/web\/2025\/11\/17\/revista-torre-de-guaita-edicio-setembre-i-octubre-de-2025\/\" class=\"more-link\">Read More<\/a><\/p>\n","protected":false},"author":4,"featured_media":35241,"comment_status":"closed","ping_status":"closed","sticky":false,"template":"","format":"standard","meta":[],"categories":[8,2607],"tags":[393,1447,2609,2608],"_links":{"self":[{"href":"https:\/\/bisbalpenedes.com\/web\/wp-json\/wp\/v2\/posts\/35240"}],"collection":[{"href":"https:\/\/bisbalpenedes.com\/web\/wp-json\/wp\/v2\/posts"}],"about":[{"href":"https:\/\/bisbalpenedes.com\/web\/wp-json\/wp\/v2\/types\/post"}],"author":[{"embeddable":true,"href":"https:\/\/bisbalpenedes.com\/web\/wp-json\/wp\/v2\/users\/4"}],"replies":[{"embeddable":true,"href":"https:\/\/bisbalpenedes.com\/web\/wp-json\/wp\/v2\/comments?post=35240"}],"version-history":[{"count":1,"href":"https:\/\/bisbalpenedes.com\/web\/wp-json\/wp\/v2\/posts\/35240\/revisions"}],"predecessor-version":[{"id":35242,"href":"https:\/\/bisbalpenedes.com\/web\/wp-json\/wp\/v2\/posts\/35240\/revisions\/35242"}],"wp:featuredmedia":[{"embeddable":true,"href":"https:\/\/bisbalpenedes.com\/web\/wp-json\/wp\/v2\/media\/35241"}],"wp:attachment":[{"href":"https:\/\/bisbalpenedes.com\/web\/wp-json\/wp\/v2\/media?parent=35240"}],"wp:term":[{"taxonomy":"category","embeddable":true,"href":"https:\/\/bisbalpenedes.com\/web\/wp-json\/wp\/v2\/categories?post=35240"},{"taxonomy":"post_tag","embeddable":true,"href":"https:\/\/bisbalpenedes.com\/web\/wp-json\/wp\/v2\/tags?post=35240"}],"curies":[{"name":"wp","href":"https:\/\/api.w.org\/{rel}","templated":true}]}}