{"id":35235,"date":"2025-11-17T12:47:10","date_gmt":"2025-11-17T10:47:10","guid":{"rendered":"https:\/\/bisbalpenedes.com\/web\/?p=35235"},"modified":"2025-11-17T12:47:10","modified_gmt":"2025-11-17T10:47:10","slug":"avui-es-del-dia-mundial-de-la-prematuritat-i-al-vespre-silluminara-la-facana-de-lajuntament-amb-motiu-daquesta-jornada","status":"publish","type":"post","link":"https:\/\/bisbalpenedes.com\/web\/2025\/11\/17\/avui-es-del-dia-mundial-de-la-prematuritat-i-al-vespre-silluminara-la-facana-de-lajuntament-amb-motiu-daquesta-jornada\/","title":{"rendered":"Avui \u00e9s del Dia mundial de la prematuritat i al vespre s&#8217;il\u00b7luminar\u00e0 la fa\u00e7ana de l&#8217;Ajuntament amb motiu d&#8217;aquesta jornada"},"content":{"rendered":"\n<p>L&#8217;Ajuntament de La Bisbal del Pened\u00e8s s&#8217;il\u00b7luminar\u00e0 de color lila avui dilluns al vespre amb motiu del Dia Mundial de la prematuritat i a favor de mantenir els pares i els nadons prematurs junts.<\/p>\n\n\n\n<p>Per a m\u00e9s informaci\u00f3 podeu consultar el web de l&#8217;Associaci\u00f3 de Prematurs de Catalunya &#8220;Som Prematurs&#8221;, l&#8217;entitat que es va crear el 2015 per acompanyar i donar resposta a les necessitats de les mares i els pares de nadons prematurs: <a href=\"https:\/\/www.somprematurs.cat\">www.somprematurs.cat<\/a><\/p>\n\n\n\n<hr class=\"wp-block-separator has-alpha-channel-opacity\"\/>\n\n\n\n<p>El Ajuntament de La Bisbal del Pened\u00e8s se iluminar\u00e1 de color lila hoy lunes al anochecer con motivo del D\u00eda Mundial de la prematuridad y a favor de mantener a los padres y los beb\u00e9s prematuros juntos.<\/p>\n\n\n\n<p>Para m\u00e1s informaci\u00f3n pod\u00e9is consultar la web de la Associaci\u00f3 de Prematurs de Catalunya &#8220;Som Prematurs&#8221;, la entidad que se cre\u00f3 en el 2015 para acompa\u00f1ar y dar respuesta a las necesidades de las madres y los padres de beb\u00e9s prematuros: <a href=\"https:\/\/www.somprematurs.cat\">www.somprematurs.cat<\/a><\/p>\n","protected":false},"excerpt":{"rendered":"<p>L&#8217;Ajuntament de La Bisbal del Pened\u00e8s s&#8217;il\u00b7luminar\u00e0 de color lila avui dilluns al vespre amb motiu del Dia Mundial de la prematuritat i a favor de mantenir els pares i &hellip; <a href=\"https:\/\/bisbalpenedes.com\/web\/2025\/11\/17\/avui-es-del-dia-mundial-de-la-prematuritat-i-al-vespre-silluminara-la-facana-de-lajuntament-amb-motiu-daquesta-jornada\/\" class=\"more-link\">Read More<\/a><\/p>\n","protected":false},"author":4,"featured_media":35236,"comment_status":"closed","ping_status":"closed","sticky":false,"template":"","format":"standard","meta":[],"categories":[2402,8],"tags":[4891,393,7242],"_links":{"self":[{"href":"https:\/\/bisbalpenedes.com\/web\/wp-json\/wp\/v2\/posts\/35235"}],"collection":[{"href":"https:\/\/bisbalpenedes.com\/web\/wp-json\/wp\/v2\/posts"}],"about":[{"href":"https:\/\/bisbalpenedes.com\/web\/wp-json\/wp\/v2\/types\/post"}],"author":[{"embeddable":true,"href":"https:\/\/bisbalpenedes.com\/web\/wp-json\/wp\/v2\/users\/4"}],"replies":[{"embeddable":true,"href":"https:\/\/bisbalpenedes.com\/web\/wp-json\/wp\/v2\/comments?post=35235"}],"version-history":[{"count":1,"href":"https:\/\/bisbalpenedes.com\/web\/wp-json\/wp\/v2\/posts\/35235\/revisions"}],"predecessor-version":[{"id":35237,"href":"https:\/\/bisbalpenedes.com\/web\/wp-json\/wp\/v2\/posts\/35235\/revisions\/35237"}],"wp:featuredmedia":[{"embeddable":true,"href":"https:\/\/bisbalpenedes.com\/web\/wp-json\/wp\/v2\/media\/35236"}],"wp:attachment":[{"href":"https:\/\/bisbalpenedes.com\/web\/wp-json\/wp\/v2\/media?parent=35235"}],"wp:term":[{"taxonomy":"category","embeddable":true,"href":"https:\/\/bisbalpenedes.com\/web\/wp-json\/wp\/v2\/categories?post=35235"},{"taxonomy":"post_tag","embeddable":true,"href":"https:\/\/bisbalpenedes.com\/web\/wp-json\/wp\/v2\/tags?post=35235"}],"curies":[{"name":"wp","href":"https:\/\/api.w.org\/{rel}","templated":true}]}}