{"id":35217,"date":"2025-11-11T21:06:41","date_gmt":"2025-11-11T19:06:41","guid":{"rendered":"https:\/\/bisbalpenedes.com\/web\/?p=35217"},"modified":"2025-11-11T21:06:41","modified_gmt":"2025-11-11T19:06:41","slug":"la-bisbal-del-penedes-sincorpora-a-la-ruta-del-xato-tres-restaurants-bisbalencs-oferiran-les-seves-propostes-en-el-marc-daquesta-iniciativa-gastronomica-de-tardor-hivern","status":"publish","type":"post","link":"https:\/\/bisbalpenedes.com\/web\/2025\/11\/11\/la-bisbal-del-penedes-sincorpora-a-la-ruta-del-xato-tres-restaurants-bisbalencs-oferiran-les-seves-propostes-en-el-marc-daquesta-iniciativa-gastronomica-de-tardor-hivern\/","title":{"rendered":"La Bisbal del Pened\u00e8s s&#8217;incorpora a la Ruta del Xat\u00f3 &#8211; Tres restaurants bisbalencs oferiran les seves propostes en el marc d&#8217;aquesta iniciativa gastron\u00f2mica de tardor-hivern"},"content":{"rendered":"\n<p>Aquest mat\u00ed, Cunit ha acollit la inauguraci\u00f3 oficial de la Ruta del Xat\u00f3. Enguany, la Bisbal del Pened\u00e8s s\u2019hi ha adherit i ho fa amb tres establiments participants: el Restaurant Ull de Llebre, el Bar la Riba i el Caf\u00e8 de la Societat, que oferiran les seves propostes gastron\u00f2miques dins d\u2019aquesta tradicional ruta de tardor i hivern.<\/p>\n\n\n\n<p>La regidora de Turisme i Comer\u00e7, Judith Vidal, ha assistit a l\u2019acte acompanyada del xef del Restaurant Ull de Llebre, Josep Pascual, que ha presentat la seva proposta durant la inauguraci\u00f3.<\/p>\n\n\n\n<p>La presentaci\u00f3 ha anat a c\u00e0rrec del comunicador i humorista Guillem Estadella (Els Teloners &#8211; Rac 1), i ha comptat amb la participaci\u00f3 de l\u2019alcalde de Cunit, Jaume Casa\u00f1as, i de l\u2019ambaixadora de la Ruta, la cuinera Gessam\u00ed Caram\u00e9s (Cuines \u2013 3cat), que ha rebut el simb\u00f2lic morter de la m\u00e0 del president de la Ruta del Xat\u00f3, Jordi Gasol.<\/p>\n\n\n\n<p>Els municipis que formen part de la Ruta s\u00f3n Calafell, Cubelles, Cunit, El Vendrell, Sant Pere de Ribes, Sitges, Vilafranca del Pened\u00e8s, Vilanova i la Geltr\u00fa i la Bisbal del Pened\u00e8s.<\/p>\n\n\n\n<p>Segons ha expressat la regidora, aquesta adhesi\u00f3 <em>ens permetr\u00e0 donar a con\u00e8ixer els nostres restaurants i, alhora, projectar el municipi com un espai on gaudir d\u2019experi\u00e8ncies, gastronomia i activitats, com la ruta dels murals.<\/em><\/p>\n\n\n\n<p>Pr\u00f2ximament us informarem de quan estaran disponibles, a la carta, les propostes dels restaurants bisbalencs que participen en la iniciativa.<\/p>\n\n\n\n<p>M\u00e9s informaci\u00f3: <a href=\"http:\/\/www.rutadelxato.com\">www.rutadelxato.com<\/a><\/p>\n\n\n\n<figure class=\"wp-container-2 wp-block-gallery-1 wp-block-gallery has-nested-images columns-default is-cropped\">\n<figure class=\"wp-block-image size-large\"><img loading=\"lazy\" width=\"768\" height=\"1024\" data-id=\"35222\"  src=\"https:\/\/bisbalpenedes.com\/web\/wp-content\/uploads\/2025\/11\/PHOTO-2025-11-11-13-45-49-768x1024.jpg\" alt=\"\" class=\"wp-image-35222\" srcset=\"https:\/\/bisbalpenedes.com\/web\/wp-content\/uploads\/2025\/11\/PHOTO-2025-11-11-13-45-49-768x1024.jpg 768w, https:\/\/bisbalpenedes.com\/web\/wp-content\/uploads\/2025\/11\/PHOTO-2025-11-11-13-45-49-225x300.jpg 225w, https:\/\/bisbalpenedes.com\/web\/wp-content\/uploads\/2025\/11\/PHOTO-2025-11-11-13-45-49-1152x1536.jpg 1152w, https:\/\/bisbalpenedes.com\/web\/wp-content\/uploads\/2025\/11\/PHOTO-2025-11-11-13-45-49-600x800.jpg 600w, https:\/\/bisbalpenedes.com\/web\/wp-content\/uploads\/2025\/11\/PHOTO-2025-11-11-13-45-49.jpg 1200w\" sizes=\"(max-width: 768px) 100vw, 768px\" \/><\/figure>\n\n\n\n<figure class=\"wp-block-image size-large\"><img loading=\"lazy\" width=\"768\" height=\"1024\" data-id=\"35220\"  src=\"https:\/\/bisbalpenedes.com\/web\/wp-content\/uploads\/2025\/11\/PHOTO-2025-11-11-13-45-50-768x1024.jpg\" alt=\"\" class=\"wp-image-35220\" srcset=\"https:\/\/bisbalpenedes.com\/web\/wp-content\/uploads\/2025\/11\/PHOTO-2025-11-11-13-45-50-768x1024.jpg 768w, https:\/\/bisbalpenedes.com\/web\/wp-content\/uploads\/2025\/11\/PHOTO-2025-11-11-13-45-50-225x300.jpg 225w, https:\/\/bisbalpenedes.com\/web\/wp-content\/uploads\/2025\/11\/PHOTO-2025-11-11-13-45-50-1152x1536.jpg 1152w, https:\/\/bisbalpenedes.com\/web\/wp-content\/uploads\/2025\/11\/PHOTO-2025-11-11-13-45-50-600x800.jpg 600w, https:\/\/bisbalpenedes.com\/web\/wp-content\/uploads\/2025\/11\/PHOTO-2025-11-11-13-45-50.jpg 1200w\" sizes=\"(max-width: 768px) 100vw, 768px\" \/><\/figure>\n\n\n\n<figure class=\"wp-block-image size-large\"><img loading=\"lazy\" width=\"1024\" height=\"727\" data-id=\"35221\"  src=\"https:\/\/bisbalpenedes.com\/web\/wp-content\/uploads\/2025\/11\/cloenda-ruta-del-xato-2025-26-gremis-restaurants-1024x727.jpg\" alt=\"\" class=\"wp-image-35221\" srcset=\"https:\/\/bisbalpenedes.com\/web\/wp-content\/uploads\/2025\/11\/cloenda-ruta-del-xato-2025-26-gremis-restaurants-1024x727.jpg 1024w, https:\/\/bisbalpenedes.com\/web\/wp-content\/uploads\/2025\/11\/cloenda-ruta-del-xato-2025-26-gremis-restaurants-300x213.jpg 300w, https:\/\/bisbalpenedes.com\/web\/wp-content\/uploads\/2025\/11\/cloenda-ruta-del-xato-2025-26-gremis-restaurants-768x545.jpg 768w, https:\/\/bisbalpenedes.com\/web\/wp-content\/uploads\/2025\/11\/cloenda-ruta-del-xato-2025-26-gremis-restaurants-600x426.jpg 600w, https:\/\/bisbalpenedes.com\/web\/wp-content\/uploads\/2025\/11\/cloenda-ruta-del-xato-2025-26-gremis-restaurants.jpg 1134w\" sizes=\"(max-width: 1024px) 100vw, 1024px\" \/><\/figure>\n<\/figure>\n\n\n\n<hr class=\"wp-block-separator has-alpha-channel-opacity\"\/>\n\n\n\n<p>Esta ma\u00f1ana, Cunit ha acogido la inauguraci\u00f3n oficial de la Ruta del Xat\u00f3. Este a\u00f1o, la Bisbal del Pened\u00e8s se ha adherido a la iniciativa y lo hace con tres establecimientos participantes: el Restaurant Ull de Llebre, el Bar la Riba y el Caf\u00e9 de la Societat, que ofrecer\u00e1n sus propuestas gastron\u00f3micas dentro de esta tradicional ruta de oto\u00f1o e invierno.<\/p>\n\n\n\n<p>La concejala de Turismo y Comercio, Judith Vidal, ha asistido al acto acompa\u00f1ada del chef del Restaurant Ull de Llebre, Josep Pascual, quien ha presentado su propuesta durante la inauguraci\u00f3n.<\/p>\n\n\n\n<p>La presentaci\u00f3n ha sido conducida por el comunicador y humorista Guillem Estadella (Els Teloners &#8211; Rac 1), y ha contado con la participaci\u00f3n del alcalde de Cunit, Jaume Casa\u00f1as, y de la embajadora de la Ruta, la cocinera Gessam\u00ed Caram\u00e9s (Cuines \u2013 3cat), que ha recibido el simb\u00f3lico mortero de manos del presidente de la Ruta del Xat\u00f3, Jordi Gasol.<\/p>\n\n\n\n<p>Los municipios que forman parte de la Ruta son Calafell, Cubelles, Cunit, El Vendrell, Sant Pere de Ribes, Sitges, Vilafranca del Pened\u00e8s, Vilanova i la Geltr\u00fa y la Bisbal del Pened\u00e8s.<\/p>\n\n\n\n<p>Seg\u00fan ha expresado la concejala, esta adhesi\u00f3n <em>nos permitir\u00e1 dar a conocer nuestros restaurantes y, al mismo tiempo, proyectar el municipio como un espacio donde disfrutar de experiencias, gastronom\u00eda y actividades, como la ruta de los murales<\/em>.<\/p>\n\n\n\n<p>Pr\u00f3ximamente os informaremos de cuando estar\u00e1n disponibles, en la carta, las propuestas de los restaurantes bisbalencs que participan en la iniciativa.<\/p>\n\n\n\n<p>M\u00e1s informaci\u00f3n: <a href=\"http:\/\/www.rutadelxato.com\/\">www.rutadelxato.com<\/a><\/p>\n","protected":false},"excerpt":{"rendered":"<p>Aquest mat\u00ed, Cunit ha acollit la inauguraci\u00f3 oficial de la Ruta del Xat\u00f3. Enguany, la Bisbal del Pened\u00e8s s\u2019hi ha adherit i ho fa amb tres establiments participants: el Restaurant &hellip; <a href=\"https:\/\/bisbalpenedes.com\/web\/2025\/11\/11\/la-bisbal-del-penedes-sincorpora-a-la-ruta-del-xato-tres-restaurants-bisbalencs-oferiran-les-seves-propostes-en-el-marc-daquesta-iniciativa-gastronomica-de-tardor-hivern\/\" class=\"more-link\">Read More<\/a><\/p>\n","protected":false},"author":4,"featured_media":35219,"comment_status":"closed","ping_status":"closed","sticky":false,"template":"","format":"standard","meta":[],"categories":[3860,8,4878],"tags":[459,7240,393,3784,7239,7241],"_links":{"self":[{"href":"https:\/\/bisbalpenedes.com\/web\/wp-json\/wp\/v2\/posts\/35217"}],"collection":[{"href":"https:\/\/bisbalpenedes.com\/web\/wp-json\/wp\/v2\/posts"}],"about":[{"href":"https:\/\/bisbalpenedes.com\/web\/wp-json\/wp\/v2\/types\/post"}],"author":[{"embeddable":true,"href":"https:\/\/bisbalpenedes.com\/web\/wp-json\/wp\/v2\/users\/4"}],"replies":[{"embeddable":true,"href":"https:\/\/bisbalpenedes.com\/web\/wp-json\/wp\/v2\/comments?post=35217"}],"version-history":[{"count":2,"href":"https:\/\/bisbalpenedes.com\/web\/wp-json\/wp\/v2\/posts\/35217\/revisions"}],"predecessor-version":[{"id":35223,"href":"https:\/\/bisbalpenedes.com\/web\/wp-json\/wp\/v2\/posts\/35217\/revisions\/35223"}],"wp:featuredmedia":[{"embeddable":true,"href":"https:\/\/bisbalpenedes.com\/web\/wp-json\/wp\/v2\/media\/35219"}],"wp:attachment":[{"href":"https:\/\/bisbalpenedes.com\/web\/wp-json\/wp\/v2\/media?parent=35217"}],"wp:term":[{"taxonomy":"category","embeddable":true,"href":"https:\/\/bisbalpenedes.com\/web\/wp-json\/wp\/v2\/categories?post=35217"},{"taxonomy":"post_tag","embeddable":true,"href":"https:\/\/bisbalpenedes.com\/web\/wp-json\/wp\/v2\/tags?post=35217"}],"curies":[{"name":"wp","href":"https:\/\/api.w.org\/{rel}","templated":true}]}}