{"id":35208,"date":"2025-11-10T19:29:06","date_gmt":"2025-11-10T17:29:06","guid":{"rendered":"https:\/\/bisbalpenedes.com\/web\/?p=35208"},"modified":"2025-11-10T19:34:43","modified_gmt":"2025-11-10T17:34:43","slug":"el-divendres-10-doctubre-de-2025-es-va-celebrar-un-ple-extraordinari-a-lajuntament-de-la-bisbal-del-penedes","status":"publish","type":"post","link":"https:\/\/bisbalpenedes.com\/web\/2025\/11\/10\/el-divendres-10-doctubre-de-2025-es-va-celebrar-un-ple-extraordinari-a-lajuntament-de-la-bisbal-del-penedes\/","title":{"rendered":"<strong>El divendres 10 d&#8217;octubre de 2025 es va celebrar un Ple extraordinari a l&#8217;Ajuntament de la Bisbal del Pened\u00e8s<\/strong>"},"content":{"rendered":"\n<p>El divendres 10 d&#8217;octubre, a les 8h, es va celebrar un Ple extraordinari a l\u2019Ajuntament de la Bisbal del Pened\u00e8s. S&#8217;hi van tractar els punts seg\u00fcents:<\/p>\n\n\n\n<p>1.- Aprovaci\u00f3 del reconeixement de les obligacions de despeses indegudament adquirides (REC 7).<\/p>\n\n\n\n<p>Es va aprovar amb els vots a favor de Comprom\u00eds amb la Bisbal (5) i el PSC (1) i els vots en contra de La Bisbal Decideix (2), Tots Som la Bisbal (2) i ERC (1).<\/p>\n\n\n\n<p>El Ple aprova el reconeixement extrajudicial de cr\u00e8dit de factures per un total de 238.813,18\u20ac de serveis o adquisicions realitzades aquest any per\u00f2 amb algunes defici\u00e8ncies en la tramitaci\u00f3. Dels imports elevats, destacar:<\/p>\n\n\n\n<p>-La darrera certificaci\u00f3 de les obres de la Riba de 139.774,89\u20ac que, segons va explicar l&#8217;alcaldessa Agn\u00e8s Ferr\u00e9 &#8220;\u00e9s correcta, per\u00f2 passa per aqu\u00ed perqu\u00e8 el total de les factures excedeixen del 10% del total, segons informe dels directors de l&#8217;obra&#8221;.<\/p>\n\n\n\n<p>-Dues factures del servei de bus urb\u00e0 de 22.292,16\u20ac dels mesos de juliol i agost. Segons ha explicat l&#8217;alcaldessa Agn\u00e8s Ferr\u00e9 &#8220;estem esperant el conveni de la Generalitat que ens arribar\u00e0 en les properes setmanes&#8221;.<\/p>\n\n\n\n<p><strong>2.- Aprovaci\u00f3 inicial de l&#8217;expedient de modificaci\u00f3 de cr\u00e8dit 3PLE\/2025<\/strong><\/p>\n\n\n\n<p>Es va aprovar inicialment amb els vots a favor de Comprom\u00eds amb la Bisbal (5) i el PSC (1) i els vots en contra de La Bisbal Decideix (2), Tots som la Bisbal (2) i ERC (1).<\/p>\n\n\n\n<p>Es va aprovar inicialment la modificaci\u00f3 de cr\u00e8dit per 101.832,26\u20ac en la modalitat de suplement de cr\u00e8dit i de cr\u00e8dit extraordinari. \u00c9s en c\u00e0rrec al romanent de tresoreria.<\/p>\n\n\n\n<p><strong>92.049,50\u20ac en la modalitat de suplement de cr\u00e8dit<\/strong>. \u00c9s la modificaci\u00f3 de cr\u00e8dit que es fa al final d&#8217;any per afegir import a partides on s&#8217;ha esgotat o est\u00e0 a punt d&#8217;esgotar-se el cr\u00e8dit. Concretament, s&#8217;hi afegeixen els seg\u00fcents imports:<\/p>\n\n\n\n<ul><li>4.000\u20ac a la partida d&#8217;energia el\u00e8ctrica d&#8217;instal\u00b7lacions esportives, &#8220;per l&#8217;increment d&#8217;activitat al pavell\u00f3 municipal durant aquest any&#8221;.<\/li><li>6.000\u20ac a la partida de productes de neteja &#8220;a causa de l&#8217;augment dels preus dels productes de neteja i desinfecci\u00f3 destinats als edificis escolars&#8221;.<\/li><li>16.798,21\u20ac a la partida de festes, &#8220;per l&#8217;increment de preu de serveis com la seguretat per la Festa Major&#8221;.<\/li><li>4.146,32\u20ac a la partida de treballs externs d&#8217;ensenyament &#8220;corresponen als treballs de neteja externs que s&#8217;han fet abans de comen\u00e7ar el curs escolar i la substituci\u00f3 per una baixa del conserge, ja que no hi havia ning\u00fa de la borsa de treball de la pla\u00e7a de conserge&#8221;.<\/li><li>2.843,50\u20ac a la partida de promoci\u00f3 cultural &#8220;per activitats culturals que no estaven previstes al pressupost d&#8217;enguany&#8221;.<\/li><li>2.731,77\u20ac, 2.117,50\u20ac i 1.830,68\u20ac &#8220;a les partides de treballs realitzats per a altres empreses, per a reparacions i arranjaments no previstes al pressupost&#8221;.<\/li><li>70,50\u20ac a la partida de servei d&#8217;ocupaci\u00f3, &#8220;pel servei de telefonia que s&#8217;ha incrementat&#8221;.<\/li><li>6.625\u20ac a la partida de servei de control de plagues &#8220;a causa de l&#8217;increment de plagues d&#8217;insectes i de compliment de normatives al respecte que van sorgint&#8221;.<\/li><li>44.886,02\u20ac a la partida de la fassina: &#8220;\u00e9s l&#8217;import de l&#8217;increment del cost de l&#8217;obra de la fassina, a causa dels imprevistos a les obres de la torre de la fassina, per ser una torre antiga sense pl\u00e0nols&#8221;.<\/li><\/ul>\n\n\n\n<p><strong>9.783,46\u20ac de creaci\u00f3 de dues noves partides:<\/strong><\/p>\n\n\n\n<p>-Una partida de 8.911,65\u20ac d&#8217;ensenyament &#8220;per a la instal\u00b7laci\u00f3 d&#8217;aires condicionats a la llar d&#8217;infants, a causa de l&#8217;increment de la temperatura durant els mesos de juny, juliol i setembre&#8221;.<\/p>\n\n\n\n<p>-Una partida de 871,81\u20ac de cultura &#8220;per la contractaci\u00f3 externa del servei de neteja a fons dels grans finestrals del CMC&#8221;.<\/p>\n\n\n\n<p><strong>3.-Modificaci\u00f3 del conveni del servei de tractament de residus de la deixalleria en la seva cl\u00e0usula de protecci\u00f3 de dades<\/strong><\/p>\n\n\n\n<p>Es va aprovar per unanimitat.<\/p>\n\n\n\n<p>Es va aprovar modificar la cl\u00e0usula dinovena relativa a la protecci\u00f3 de dades de car\u00e0cter personal del conveni del servei de tractament de residus de la deixalleria amb el Consell Comarcal del Baix Pened\u00e8s. Aquesta cl\u00e0usula fa refer\u00e8ncia a la protecci\u00f3 de dades de car\u00e0cter personal.<\/p>\n\n\n\n<p>Segons va explicar el regidor de Residus, Daniel Caballero, <em>&#8220;al conveni inicial hi figurava el Consell Comarcal del Baix Pened\u00e8s com a responsable del tractament de les dades i el correcte i el correcte \u00e9s que cada municipi \u00e9s el responsable del tractament de les dades&#8221;. <\/em>Per aquest motiu, per tal de donar compliment a l&#8217;article 28.3 del Reglament de protecci\u00f3 de dades, s&#8217;afegeix un annex al conveni de l&#8217;enc\u00e0rrec del tractament de dades personals entre l&#8217;Ajuntament i el Consell Comarcal del Baix Pened\u00e8s. Caballero ha afegit que <em>&#8220;disposem de l&#8217;informe favorable del delegat de protecci\u00f3 de dades de l&#8217;Ajuntament, que \u00e9s Segur dades S.L. Per aix\u00f2, proposem modificar la cl\u00e0usula dinovena del conveni del servei de tractament de residus de la deixalleria amb el Consell Comarcal&#8221;.<\/em><\/p>\n\n\n\n<hr class=\"wp-block-separator has-alpha-channel-opacity\"\/>\n\n\n\n<h2><strong>El viernes 10 de octubre de 2025 se celebr\u00f3 un Pleno extraordinario en el Ajuntament de la Bisbal del Pened\u00e8s<\/strong><\/h2>\n\n\n\n<p>El viernes 10 de octubre, a las 8h, se celebr\u00f3 un Pleno extraordinario en el Ajuntament de la Bisbal del Pened\u00e8s. Se trataron los siguientes puntos:<\/p>\n\n\n\n<p><strong>1.- Aprobaci\u00f3n del reconocimiento de las obligaciones de gastos indebidamente adquiridos (REC 7).<\/strong><\/p>\n\n\n\n<p>Se aprob\u00f3 con los votos a favor de Comprom\u00eds amb la Bisbal (5) y el PSC (1) y los votos en contra de La Bisbal Decideix (2), Tots Som la Bisbal (2) y ERC (1).<\/p>\n\n\n\n<p>El Pleno aprueba el reconocimiento extrajudicial de cr\u00e9dito de facturas por un total de 238.813,18\u20ac de servicios o adquisiciones realizadas este a\u00f1o pero con algunas deficiencias en la tramitaci\u00f3n. De los importes elevados, destacan:<\/p>\n\n\n\n<ul><li>La \u00faltima certificaci\u00f3n de las obras de la Riba por 139.774,89\u20ac, que, seg\u00fan explic\u00f3 la alcaldesa Agn\u00e8s Ferr\u00e9, \u201ces correcta, pero pasa por aqu\u00ed porque el total de las facturas excede del 10% del total, seg\u00fan el informe de los directores de la obra\u201d.<\/li><li>Dos facturas del servicio de autob\u00fas urbano por 22.292,16\u20ac correspondientes a los meses de julio y agosto. Seg\u00fan explic\u00f3 la alcaldesa Agn\u00e8s Ferr\u00e9, \u201cestamos esperando el convenio de la Generalitat, que nos llegar\u00e1 en las pr\u00f3ximas semanas\u201d.<\/li><\/ul>\n\n\n\n<p><strong>2.- Aprobaci\u00f3n inicial del expediente de modificaci\u00f3n de cr\u00e9dito 3PLE\/2025.<\/strong><\/p>\n\n\n\n<p>Se aprob\u00f3 inicialmente con los votos a favor de Comprom\u00eds amb la Bisbal (5) y el PSC (1) y los votos en contra de La Bisbal Decideix (2), Tots Som la Bisbal (2) y ERC (1).<\/p>\n\n\n\n<p>Se aprob\u00f3 inicialmente la modificaci\u00f3n de cr\u00e9dito por 101.832,26\u20ac en la modalidad de suplemento de cr\u00e9dito y de cr\u00e9dito extraordinario. Es con cargo al remanente de tesorer\u00eda.<\/p>\n\n\n\n<p><strong>92.049,50\u20ac en la modalidad de suplemento de cr\u00e9dito<\/strong>. Se trata de la modificaci\u00f3n que se realiza al final del a\u00f1o para a\u00f1adir importe a partidas en las que el cr\u00e9dito se ha agotado o est\u00e1 a punto de agotarse. Concretamente, se a\u00f1aden los siguientes importes:<\/p>\n\n\n\n<ul><li>4.000\u20ac a la partida de energ\u00eda el\u00e9ctrica de instalaciones deportivas, \u201cpor el incremento de actividad en el pabell\u00f3n municipal durante este a\u00f1o\u201d.<\/li><li>6.000\u20ac a la partida de productos de limpieza, \u201cdebido al aumento de los precios de productos de limpieza y desinfecci\u00f3n destinados a los edificios escolares\u201d.<\/li><li>16.798,21\u20ac a la partida de fiestas, \u201cpor el incremento del precio de servicios como la seguridad de la Fiesta Mayor\u201d.<\/li><li>4.146,32\u20ac a la partida de trabajos externos de ense\u00f1anza, \u201ccorresponden a los trabajos de limpieza externa realizados antes del inicio del curso escolar y la sustituci\u00f3n por una baja del conserje, ya que no hab\u00eda nadie disponible en la bolsa de trabajo de la plaza de conserje\u201d.<\/li><li>2.843,50\u20ac a la partida de promoci\u00f3n cultural, \u201cpara actividades culturales no previstas en el presupuesto de este a\u00f1o\u201d.<\/li><li>2.731,77\u20ac, 2.117,50\u20ac y 1.830,68\u20ac a las partidas de trabajos realizados para otras empresas, para reparaciones y arreglos no previstos en el presupuesto.<\/li><li>70,50\u20ac a la partida del servicio de ocupaci\u00f3n, \u201cpor el incremento del servicio de telefon\u00eda\u201d.<\/li><li>6.625\u20ac a la partida del servicio de control de plagas, \u201cdebido al incremento de plagas de insectos y al cumplimiento de normativas relacionadas que han ido surgiendo\u201d.<\/li><li>44.886,02\u20ac a la partida de la <em>fassina:<\/em> \u201ces el importe del incremento del coste de la obra de la <em>fassina<\/em>, debido a los imprevistos en las obras de la torre de la <em>fassina<\/em>, al ser una torre antigua sin planos\u201d.<\/li><\/ul>\n\n\n\n<p><strong>9.783,46\u20ac para la creaci\u00f3n de dos nuevas partidas:<\/strong><\/p>\n\n\n\n<ul><li>Una partida de 8.911,65\u20ac de ense\u00f1anza \u201cpara la instalaci\u00f3n de aires acondicionados en la guarder\u00eda, debido al incremento de la temperatura durante los meses de junio, julio y septiembre\u201d.<\/li><li>Una partida de 871,81\u20ac de cultura \u201cpara la contrataci\u00f3n externa del servicio de limpieza a fondo de los grandes ventanales del CMC\u201d.<\/li><\/ul>\n\n\n\n<p><strong>3.- Modificaci\u00f3n del convenio del servicio de tratamiento de residuos del punto verde en su cl\u00e1usula de protecci\u00f3n de datos.<\/strong><\/p>\n\n\n\n<p>Se aprob\u00f3 por unanimidad.<\/p>\n\n\n\n<p>Se aprob\u00f3 modificar la cl\u00e1usula decimonovena relativa a la protecci\u00f3n de datos de car\u00e1cter personal del convenio del servicio de tratamiento de residuos del punto verde con el Consell Comarcal del Baix Pened\u00e8s. Esta cl\u00e1usula se refiere a la protecci\u00f3n de datos de car\u00e1cter personal.<\/p>\n\n\n\n<p>Seg\u00fan explic\u00f3 el concejal de Residuos, Daniel Caballero, <em>\u201cen el convenio inicial figuraba el Consell Comarcal del Baix Pened\u00e8s como responsable del tratamiento de los datos y lo correcto es que cada municipio sea el responsable del tratamiento de sus datos\u201d. <\/em>Por este motivo, y para dar cumplimiento al art\u00edculo 28.3 del Reglamento de protecci\u00f3n de datos, se a\u00f1ade un anexo al convenio del encargo de tratamiento de datos personales entre el Ayuntamiento y el Consell Comarcal del Baix Pened\u00e8s. Caballero a\u00f1adi\u00f3 que <em>\u201ccontamos con el informe favorable del delegado de protecci\u00f3n de datos del Ayuntamiento, que es Segur dades S.L. Por ello, proponemos modificar la cl\u00e1usula decimonovena del convenio del servicio de tratamiento de residuos del punto verde con el Consell Comarcal\u201d.<\/em><\/p>\n","protected":false},"excerpt":{"rendered":"<p>El divendres 10 d&#8217;octubre, a les 8h, es va celebrar un Ple extraordinari a l\u2019Ajuntament de la Bisbal del Pened\u00e8s. S&#8217;hi van tractar els punts seg\u00fcents: 1.- Aprovaci\u00f3 del reconeixement &hellip; <a href=\"https:\/\/bisbalpenedes.com\/web\/2025\/11\/10\/el-divendres-10-doctubre-de-2025-es-va-celebrar-un-ple-extraordinari-a-lajuntament-de-la-bisbal-del-penedes\/\" class=\"more-link\">Read More<\/a><\/p>\n","protected":false},"author":4,"featured_media":35209,"comment_status":"closed","ping_status":"closed","sticky":false,"template":"","format":"standard","meta":[],"categories":[8,2251,2250],"tags":[1374,423],"_links":{"self":[{"href":"https:\/\/bisbalpenedes.com\/web\/wp-json\/wp\/v2\/posts\/35208"}],"collection":[{"href":"https:\/\/bisbalpenedes.com\/web\/wp-json\/wp\/v2\/posts"}],"about":[{"href":"https:\/\/bisbalpenedes.com\/web\/wp-json\/wp\/v2\/types\/post"}],"author":[{"embeddable":true,"href":"https:\/\/bisbalpenedes.com\/web\/wp-json\/wp\/v2\/users\/4"}],"replies":[{"embeddable":true,"href":"https:\/\/bisbalpenedes.com\/web\/wp-json\/wp\/v2\/comments?post=35208"}],"version-history":[{"count":2,"href":"https:\/\/bisbalpenedes.com\/web\/wp-json\/wp\/v2\/posts\/35208\/revisions"}],"predecessor-version":[{"id":35211,"href":"https:\/\/bisbalpenedes.com\/web\/wp-json\/wp\/v2\/posts\/35208\/revisions\/35211"}],"wp:featuredmedia":[{"embeddable":true,"href":"https:\/\/bisbalpenedes.com\/web\/wp-json\/wp\/v2\/media\/35209"}],"wp:attachment":[{"href":"https:\/\/bisbalpenedes.com\/web\/wp-json\/wp\/v2\/media?parent=35208"}],"wp:term":[{"taxonomy":"category","embeddable":true,"href":"https:\/\/bisbalpenedes.com\/web\/wp-json\/wp\/v2\/categories?post=35208"},{"taxonomy":"post_tag","embeddable":true,"href":"https:\/\/bisbalpenedes.com\/web\/wp-json\/wp\/v2\/tags?post=35208"}],"curies":[{"name":"wp","href":"https:\/\/api.w.org\/{rel}","templated":true}]}}