{"id":35202,"date":"2025-11-10T18:33:13","date_gmt":"2025-11-10T16:33:13","guid":{"rendered":"https:\/\/bisbalpenedes.com\/web\/?p=35202"},"modified":"2025-11-10T19:12:16","modified_gmt":"2025-11-10T17:12:16","slug":"punts-tractats-en-el-ple-ordinari-del-15-de-setembre-de-2025","status":"publish","type":"post","link":"https:\/\/bisbalpenedes.com\/web\/2025\/11\/10\/punts-tractats-en-el-ple-ordinari-del-15-de-setembre-de-2025\/","title":{"rendered":"<strong>Punts tractats en el Ple ordinari del 15 de setembre de 2025<\/strong>"},"content":{"rendered":"\n<p>El dilluns 15 de setembre, a les 18h, es va celebrar el Ple ordinari de l\u2019Ajuntament de la Bisbal del Pened\u00e8s corresponent a aquest trimestre.<\/p>\n\n\n\n<p>A l&#8217;inici del Ple es va disculpar l&#8217;assist\u00e8ncia del regidor Jaume Valls, del grup municipal &#8220;La Bisbal Decideix&#8221;.<\/p>\n\n\n\n<p>S&#8217;hi van tractar els punts seg\u00fcents:<\/p>\n\n\n\n<p><strong>Punt 1. Aprovaci\u00f3 de l&#8217;acta del Ple ordinari del 16 de juny.<\/strong><\/p>\n\n\n\n<p>Es va aprovar per unanimitat dels assistents.<\/p>\n\n\n\n<p><strong>Punt 2. Aprovaci\u00f3 de l&#8217;acta del Ple extraordinari del 15 de juliol.<\/strong><\/p>\n\n\n\n<p>Es va aprovar per unanimitat dels assistents.<\/p>\n\n\n\n<p><strong>Punt 3. Aprovaci\u00f3 de l&#8217;acta del Ple extraordinari del 28 d&#8217;agost.<\/strong><\/p>\n\n\n\n<p>Es va aprovar amb els vots a favor de Comprom\u00eds amb la Bisbal (5), PSC (1), La Bisbal Decideix (1) i ERC-AM (1) i els vots en contra de Tots Som la Bisbal (2).<\/p>\n\n\n\n<p><strong>Punt 4. Aprovaci\u00f3 del compte general del 2024.<\/strong><\/p>\n\n\n\n<p>Es va aprovar amb els vots a favor de Comprom\u00eds amb la Bisbal (5) i el PSC (1), els vots en contra de La Bisbal Decideix (1) i Tots Som la Bisbal (2) i l&#8217;abstenci\u00f3 d&#8217;ERC-AM (1).<\/p>\n\n\n\n<p>Es proposava aprovar, per Ple, el Compte General de 2024. L&#8217;alcaldessa Agn\u00e8s Ferr\u00e9 en va destacar les dades seg\u00fcents:<\/p>\n\n\n\n<ul><li>&#8220;El flux de caixa \u00e9s de 6,26. Aquesta xifra \u00e9s la difer\u00e8ncia entre cobraments i pagaments durant l&#8217;exercici 2024 i ha estat positiva i suficient per atendre les despeses.<\/li><li>Rati d&#8217;autonomia d&#8217;un 88%. L&#8217;Ajuntament t\u00e9 molt poca depend\u00e8ncia dels ingressos externs, tot i que un dels ingressos m\u00e9s importants \u00e9s la participaci\u00f3 en els tributs de l&#8217;estat.<\/li><li>Per\u00edode mitj\u00e0 de pagament als prove\u00efdors: la normativa marca el m\u00e0xim legal en 30 dies de pagament. L&#8217;Ajuntament t\u00e9 un rati del 95% i les obligacions generades dins l&#8217;exercici s\u00f3n pagades.<\/li><li>Objectiu d&#8217;estabilitat pressupost\u00e0ria: es compleix, perqu\u00e8 hi ha super\u00e0vit pressupostari.<\/li><li>Objectiu de la regla de la despesa: no es compleix per la incorporaci\u00f3, durant el 2024, de les partides de despeses per fer front a les obres del pavell\u00f3 municipal i la fassina,.<\/li><li>Objectiu del l\u00edmit de deute p\u00fablic: es compleix. Est\u00e0 establert en el 110% segons la normativa vigent. Es compleix perqu\u00e8 l&#8217;import del deute viu total a 31 de desembre era del 0\u20ac.<\/li><li>Per habitant (4.259 habitants), les dades mitjanes s\u00f3n:<ul><li>Super\u00e0vit: 220,91\u20ac<\/li><\/ul><ul><li>Inversi\u00f3: 589,58\u20ac<\/li><\/ul><ul><li>Despesa: 1.717,07\u20ac.<\/li><\/ul><\/li><\/ul>\n\n\n\n<p>Abans del Ple, la liquidaci\u00f3 del pressupost 2024 es va aprovar per Decret d&#8217;alcaldia el 14 de febrer de 2024. En el Ple ordinari de mar\u00e7 del 2024 es va donar compte de l&#8217;informe d&#8217;intervenci\u00f3 relatiu al compliment dels objectius d&#8217;estabilitat pressupost\u00e0ria de la liquidaci\u00f3 de l&#8217;exercici 2024.<\/p>\n\n\n\n<p>El divendres 20 de juny es va celebrar la Comissi\u00f3 Especial de Comptes de l&#8217;Exercici 2024 per examinar, estudiar i informar del Compte General anual del Pressupost de l&#8217;Ajuntament de la Bisbal del Pened\u00e8s en compliment d&#8217;all\u00f2 que disposen la Llei i el ROM. Els comptes de l&#8217;exercici 2024 van quedar aprovats favorablement i, posteriorment, van estar exposats al p\u00fablic, sense que es presentessin al\u00b7legacions.<\/p>\n\n\n\n<p><strong>Punt 5. Donar compte dels Decrets d&#8217;alcaldia.<\/strong><\/p>\n\n\n\n<p><strong>Punt 6. Donar compte de les actes de la Junta de Govern local des de la convocat\u00f2ria del Ple ordinari de juny fins a la convocat\u00f2ria d&#8217;aquest Ple ordinari.<\/strong><\/p>\n\n\n\n<p><strong>Punt 7. Donar compte de l&#8217;informe d&#8217;intervenci\u00f3 relatiu als drets i ingressos del primer trimestre de 2025.<\/strong><\/p>\n\n\n\n<p><strong>Punt 8. Donar compte de l&#8217;informe d&#8217;intervenci\u00f3 relatiu als drets i ingressos del segon trimestre de 2025.<\/strong><\/p>\n\n\n\n<p><strong>Punt 9. Donar compte de l&#8217;informe d&#8217;intervenci\u00f3 relatiu a l&#8217;execuci\u00f3 del pressupost del segon trimestre de 2025.<\/strong><\/p>\n\n\n\n<p><strong>Punt 10. Donar compte de l&#8217;informe d&#8217;intervenci\u00f3 relatiu a les despeses pendents d&#8217;aplicar al pressupost del 2024<\/strong>.<\/p>\n\n\n\n<p>Es vota incloure un punt d&#8217;urg\u00e8ncia: Expedient 1094\/2025 del conveni d&#8217;agrupaci\u00f3 d&#8217;entitats locals del programa treball i formaci\u00f3, convocat\u00f2ria anticipada 2024.<\/p>\n\n\n\n<p>S&#8217;aprova amb els vots a favor de Comprom\u00eds amb la Bisbal (2), PSC (1) i Tots som la Bisbal (2) i els vots en contra de La Bisbal Decideix (1) i ERC (1).<\/p>\n\n\n\n<p><strong>Punt 11. Conveni d&#8217;agrupaci\u00f3 d&#8217;entitats locals del programa treball i formaci\u00f3, convocat\u00f2ria anticipada 2025.<\/strong><\/p>\n\n\n\n<p>S&#8217;aprova amb els vots a favor de Comprom\u00eds amb la Bisbal (5) i PSC (1), els vots en contra de La Bisbal Decideix (1) i ERC (1) i les abstencions de Tots som la Bisbal (2).<\/p>\n\n\n\n<p>L&#8217;Ajuntament aprova el conveni d&#8217;agrupaci\u00f3 d&#8217;entitats locals del programa treball i formaci\u00f3, convocat\u00f2ria anticipada 2025. Cada any es convoca aquest programa per\u00f2, enguany, ha canviat la manera de sol\u00b7licitar-lo, ja que ara es fa a trav\u00e9s d&#8217;aquesta agrupaci\u00f3 de municipis, que es vehicula a trav\u00e9s del Consell Comarcal del Baix Pened\u00e8s.<\/p>\n\n\n\n<p>El programa Treball i Formaci\u00f3 (Trefo) t\u00e9 per objectiu millorar l&#8217;ocupabilitat de les persones, especialment les que tenen m\u00e9s dificultats d&#8217;acc\u00e9s en el mercat labora, mitjan\u00e7ant actuacions de contractaci\u00f3 laboral, formaci\u00f3 i actuacions d&#8217;acompanyament. La convocat\u00f2ria, en concret, es destina als seg\u00fcents col\u00b7lectius.<\/p>\n\n\n\n<p>Amb aquest conveni la Bisbal contracta dues persones pel termini d&#8217;un any, una per a la brigada (operari o oper\u00e0ria) i una altra per a la biblioteca (administratiu o administrativa).<\/p>\n\n\n\n<p><strong>Torn de Precs i Preguntes<\/strong><\/p>\n\n\n\n<hr class=\"wp-block-separator has-alpha-channel-opacity\"\/>\n\n\n\n<h2><strong>Puntos tratados en el Pleno ordinario del 15 de septiembre de 2025<\/strong><\/h2>\n\n\n\n<p>El lunes 15 de septiembre, a las 18h, se celebr\u00f3 el Pleno ordinario del Ayuntamiento de la Bisbal del Pened\u00e8s correspondiente a este trimestre.<\/p>\n\n\n\n<p>Al inicio del Pleno se disculp\u00f3 la asistencia del concejal Jaume Valls, del grupo municipal &#8220;La Bisbal Decideix&#8221;.<\/p>\n\n\n\n<p>Se trataron los siguientes puntos:<\/p>\n\n\n\n<p><strong>Punto 1. Aprobaci\u00f3n del acta del Pleno ordinario del 16 de junio.<\/strong><\/p>\n\n\n\n<p>Se aprob\u00f3 por unanimidad de los asistentes.<\/p>\n\n\n\n<p><strong>Punto 2. Aprobaci\u00f3n del acta del Pleno extraordinario del 15 de julio.<\/strong><\/p>\n\n\n\n<p>Se aprob\u00f3 por unanimidad de los asistentes.<\/p>\n\n\n\n<p><strong>Punto 3. Aprobaci\u00f3n del acta del Pleno extraordinario del 28 de agosto.<\/strong><\/p>\n\n\n\n<p>Se aprob\u00f3 con los votos a favor de Comprom\u00eds amb la Bisbal (5), PSC (1), La Bisbal Decideix (1) y ERC-AM (1) y los votos en contra de Tots Som la Bisbal (2).<\/p>\n\n\n\n<p><strong>Punto 4. Aprobaci\u00f3n de la cuenta general de 2024.<\/strong><\/p>\n\n\n\n<p>Se aprob\u00f3 con los votos a favor de Comprom\u00eds amb la Bisbal (5) y el PSC (1), los votos en contra de La Bisbal Decideix (1) y Tots Som la Bisbal (2) y la abstenci\u00f3n de ERC-AM (1).<\/p>\n\n\n\n<p>Se propon\u00eda aprobar, por Pleno, la Cuenta General de 2024. La alcaldesa Agn\u00e8s Ferr\u00e9 destac\u00f3 los siguientes datos:<\/p>\n\n\n\n<ul><li>&#8220;El flujo de caja es de 6,26. Esta cifra es la diferencia entre cobros e ingresos durante el ejercicio 2024 y ha sido positiva y suficiente para atender los gastos.<\/li><li>\u00cdndice de autonom\u00eda del 88%. El Ayuntamiento tiene muy poca dependencia de los ingresos externos, aunque uno de los ingresos m\u00e1s importantes es la participaci\u00f3n en los tributos del Estado.<\/li><li>Per\u00edodo medio de pago a proveedores: la normativa marca el m\u00e1ximo legal en 30 d\u00edas. El Ayuntamiento tiene un \u00edndice del 95% y las obligaciones generadas dentro del ejercicio est\u00e1n pagadas.<\/li><li>Objetivo de estabilidad presupuestaria: se cumple, porque hay super\u00e1vit presupuestario.<\/li><li>Objetivo de la regla del gasto: no se cumple debido a la incorporaci\u00f3n, durante 2024, de partidas de gastos para hacer frente a las obras del pabell\u00f3n municipal y la fassina.<\/li><li>Objetivo del l\u00edmite de deuda p\u00fablica: se cumple. Est\u00e1 fijado en el 110% seg\u00fan normativa vigente. Se cumple porque el importe de la deuda viva total a 31 de diciembre era de 0\u20ac.<\/li><li>Por habitante (4.259 habitantes), los datos medios son:<ul><li>Super\u00e1vit: 220,91\u20ac<\/li><li>Inversi\u00f3n: 589,58\u20ac<\/li><li>Gasto: 1.717,07\u20ac.&#8221;<\/li><\/ul><\/li><\/ul>\n\n\n\n<p>Antes del Pleno, la liquidaci\u00f3n del presupuesto 2024 se aprob\u00f3 por Decreto de Alcald\u00eda el 14 de febrero de 2024. En el Pleno ordinario de marzo de 2024 se dio cuenta del informe de intervenci\u00f3n relativo al cumplimiento de los objetivos de estabilidad presupuestaria de la liquidaci\u00f3n del ejercicio 2024.<\/p>\n\n\n\n<p>El viernes 20 de junio se celebr\u00f3 la Comisi\u00f3n Especial de Cuentas del Ejercicio 2024 para examinar, estudiar e informar la Cuenta General anual del Presupuesto del Ayuntamiento de la Bisbal del Pened\u00e8s en cumplimiento de lo dispuesto por la Ley y el ROM. Las cuentas del ejercicio 2024 quedaron aprobadas favorablemente y posteriormente fueron expuestas al p\u00fablico sin que se presentaran alegaciones.<\/p>\n\n\n\n<p><strong>Punto 5. Dar cuenta de los Decretos de Alcald\u00eda.<\/strong><\/p>\n\n\n\n<p><strong>Punto 6. Dar cuenta de las actas de la Junta de Gobierno Local desde la convocatoria del Pleno ordinario de junio hasta la convocatoria de este Pleno ordinario.<\/strong><\/p>\n\n\n\n<p><strong>Punto 7. Dar cuenta del informe de intervenci\u00f3n relativo a los derechos e ingresos del primer trimestre de 2025.<\/strong><\/p>\n\n\n\n<p><strong>Punto 8. Dar cuenta del informe de intervenci\u00f3n relativo a los derechos e ingresos del segundo trimestre de 2025.<\/strong><\/p>\n\n\n\n<p><strong>Punto 9. Dar cuenta del informe de intervenci\u00f3n relativo a la ejecuci\u00f3n del presupuesto del segundo trimestre de 2025.<\/strong><\/p>\n\n\n\n<p><strong>Punto 10. Dar cuenta del informe de intervenci\u00f3n relativo a los gastos pendientes de aplicar al presupuesto de 2024.<\/strong><\/p>\n\n\n\n<p>Se vota incluir un punto de urgencia: Expediente 1094\/2025 del convenio de agrupaci\u00f3n de entidades locales del programa Treball i Formaci\u00f3, convocatoria anticipada 2024.<\/p>\n\n\n\n<p>Se aprueba con los votos a favor de Comprom\u00eds amb la Bisbal (2), PSC (1) y Tots Som la Bisbal (2) y los votos en contra de La Bisbal Decideix (1) y ERC (1).<\/p>\n\n\n\n<p><strong>Punto 11. Convenio de agrupaci\u00f3n de entidades locales del programa Treball i Formaci\u00f3, convocatoria anticipada 2025.<\/strong><\/p>\n\n\n\n<p>Se aprueba con los votos a favor de Comprom\u00eds amb la Bisbal (5) y PSC (1), los votos en contra de La Bisbal Decideix (1) y ERC (1) y las abstenciones de Tots Som la Bisbal (2).<\/p>\n\n\n\n<p>El Ayuntamiento aprueba el convenio de agrupaci\u00f3n de entidades locales del programa Treball i Formaci\u00f3, convocatoria anticipada 2025. Cada a\u00f1o se convoca este programa, pero este a\u00f1o ha cambiado la forma de solicitarlo, ya que ahora se realiza a trav\u00e9s de esta agrupaci\u00f3n de municipios, vehiculada por el Consell Comarcal del Baix Pened\u00e8s.<\/p>\n\n\n\n<p>El programa Treball i Formaci\u00f3 (Trefo) tiene por objetivo mejorar la ocupabilidad de las personas, especialmente aquellas con mayores dificultades de acceso al mercado laboral, mediante actuaciones de contrataci\u00f3n laboral, formaci\u00f3n y acompa\u00f1amiento. La convocatoria se destina, concretamente, a los siguientes colectivos.<\/p>\n\n\n\n<p>Con este convenio, la Bisbal contrata a dos personas por un per\u00edodo de un a\u00f1o: una para la brigada (operario u operaria) y otra para la biblioteca (administrativo o administrativa).<\/p>\n\n\n\n<p><strong>Turno de Ruegos y Preguntas.<\/strong><\/p>\n","protected":false},"excerpt":{"rendered":"<p>El dilluns 15 de setembre, a les 18h, es va celebrar el Ple ordinari de l\u2019Ajuntament de la Bisbal del Pened\u00e8s corresponent a aquest trimestre. A l&#8217;inici del Ple es &hellip; <a href=\"https:\/\/bisbalpenedes.com\/web\/2025\/11\/10\/punts-tractats-en-el-ple-ordinari-del-15-de-setembre-de-2025\/\" class=\"more-link\">Read More<\/a><\/p>\n","protected":false},"author":4,"featured_media":35203,"comment_status":"closed","ping_status":"closed","sticky":false,"template":"","format":"standard","meta":[],"categories":[8,2251,2250],"tags":[393,249],"_links":{"self":[{"href":"https:\/\/bisbalpenedes.com\/web\/wp-json\/wp\/v2\/posts\/35202"}],"collection":[{"href":"https:\/\/bisbalpenedes.com\/web\/wp-json\/wp\/v2\/posts"}],"about":[{"href":"https:\/\/bisbalpenedes.com\/web\/wp-json\/wp\/v2\/types\/post"}],"author":[{"embeddable":true,"href":"https:\/\/bisbalpenedes.com\/web\/wp-json\/wp\/v2\/users\/4"}],"replies":[{"embeddable":true,"href":"https:\/\/bisbalpenedes.com\/web\/wp-json\/wp\/v2\/comments?post=35202"}],"version-history":[{"count":4,"href":"https:\/\/bisbalpenedes.com\/web\/wp-json\/wp\/v2\/posts\/35202\/revisions"}],"predecessor-version":[{"id":35207,"href":"https:\/\/bisbalpenedes.com\/web\/wp-json\/wp\/v2\/posts\/35202\/revisions\/35207"}],"wp:featuredmedia":[{"embeddable":true,"href":"https:\/\/bisbalpenedes.com\/web\/wp-json\/wp\/v2\/media\/35203"}],"wp:attachment":[{"href":"https:\/\/bisbalpenedes.com\/web\/wp-json\/wp\/v2\/media?parent=35202"}],"wp:term":[{"taxonomy":"category","embeddable":true,"href":"https:\/\/bisbalpenedes.com\/web\/wp-json\/wp\/v2\/categories?post=35202"},{"taxonomy":"post_tag","embeddable":true,"href":"https:\/\/bisbalpenedes.com\/web\/wp-json\/wp\/v2\/tags?post=35202"}],"curies":[{"name":"wp","href":"https:\/\/api.w.org\/{rel}","templated":true}]}}