{"id":35192,"date":"2025-11-10T16:57:21","date_gmt":"2025-11-10T14:57:21","guid":{"rendered":"https:\/\/bisbalpenedes.com\/web\/?p=35192"},"modified":"2025-11-10T16:57:21","modified_gmt":"2025-11-10T14:57:21","slug":"lalcaldessa-es-reuneix-amb-la-presidenta-de-lamtu-per-analitzar-les-necessitats-i-oportunitats-de-mobilitat-de-la-bisbal","status":"publish","type":"post","link":"https:\/\/bisbalpenedes.com\/web\/2025\/11\/10\/lalcaldessa-es-reuneix-amb-la-presidenta-de-lamtu-per-analitzar-les-necessitats-i-oportunitats-de-mobilitat-de-la-bisbal\/","title":{"rendered":"<strong>L&#8217;alcaldessa es reuneix amb la presidenta de l&#8217;AMTU per analitzar les necessitats i oportunitats de mobilitat de la Bisbal<\/strong>"},"content":{"rendered":"\n<p>El passat dimecres 5 de novembre, l&#8217;alcaldessa Agn\u00e8s Ferr\u00e9 es va reunir amb la presidenta de l&#8217;AMTU, Mar Molina; el director general de l&#8217;AMTU, Juanma Segovia; i el subdirector general de l&#8217;AMTU, Joan Serra; a petici\u00f3 d&#8217;aquesta entitat. La trobada va servir per analitzar els mitjans de mobilitat de La Bisbal del Pened\u00e8s, les necessitats i les oportunitats de mobilitat al municipi.<\/p>\n\n\n\n<p>L&#8217;alcaldessa Agn\u00e8s Ferr\u00e9 forma part de l&#8217;executiva de l&#8217;AMTU des del passat 7 de mar\u00e7 i aquesta reuni\u00f3 se centrava en el nostre municipi, amb l&#8217;objectiu d&#8217;analitzar les possibles millores o canvis que es poden introduir per millorar el transport p\u00fablic al municipi i, aix\u00ed, millorar la qualitat de vida de la ciutadania.<\/p>\n\n\n\n<p>L&#8217;AMTU \u00e9s una associaci\u00f3 catalana que agrupa municipis de tot el pa\u00eds amb l&#8217;objectiu de fomentar la mobilitat i millorar les infraestructures de transport p\u00fablic arreu de Catalunya. Ofereix serveis t\u00e8cnics, jur\u00eddics i administratius als 148 municipis que, en l&#8217;actualitat, estan associats. La Bisbal es va adherir a l&#8217;entitat el desembre de 2018, mitjan\u00e7ant aprovaci\u00f3 al Ple ordinari.<\/p>\n\n\n\n<hr class=\"wp-block-separator has-alpha-channel-opacity\"\/>\n\n\n\n<h2><strong>La alcaldesa se re\u00fane con la presidenta de la AMTU para analizar las necesidades y oportunidades de movilidad de La Bisbal<\/strong><\/h2>\n\n\n\n<p>El pasado mi\u00e9rcoles 5 de noviembre, la alcaldesa Agn\u00e8s Ferr\u00e9 se reuni\u00f3 con la presidenta de la AMTU, Mar Molina; el director general de la AMTU, Juanma Segovia; y el subdirector general de la AMTU, Joan Serra; a petici\u00f3n de esta entidad. El encuentro sirvi\u00f3 para analizar los medios de movilidad de La Bisbal del Pened\u00e8s, as\u00ed como las necesidades y oportunidades de movilidad en el municipio.<\/p>\n\n\n\n<p>La alcaldesa Agn\u00e8s Ferr\u00e9 forma parte de la ejecutiva de la AMTU desde el pasado 7 de marzo y esta reuni\u00f3n se centr\u00f3 espec\u00edficamente en nuestro municipio, con el objetivo de estudiar posibles mejoras o cambios para optimizar el transporte p\u00fablico y, de este modo, contribuir a mejorar la calidad de vida de la ciudadan\u00eda.<\/p>\n\n\n\n<p>La AMTU es una asociaci\u00f3n catalana que agrupa municipios de todo el pa\u00eds con el objetivo de fomentar la movilidad y mejorar las infraestructuras de transporte p\u00fablico en toda Catalu\u00f1a. Ofrece servicios t\u00e9cnicos, jur\u00eddicos y administrativos a los 148 municipios que actualmente forman parte de la entidad. La Bisbal se adhiri\u00f3 a la asociaci\u00f3n en diciembre de 2018, mediante aprobaci\u00f3n en el Pleno ordinario.<\/p>\n","protected":false},"excerpt":{"rendered":"<p>El passat dimecres 5 de novembre, l&#8217;alcaldessa Agn\u00e8s Ferr\u00e9 es va reunir amb la presidenta de l&#8217;AMTU, Mar Molina; el director general de l&#8217;AMTU, Juanma Segovia; i el subdirector general &hellip; <a href=\"https:\/\/bisbalpenedes.com\/web\/2025\/11\/10\/lalcaldessa-es-reuneix-amb-la-presidenta-de-lamtu-per-analitzar-les-necessitats-i-oportunitats-de-mobilitat-de-la-bisbal\/\" class=\"more-link\">Read More<\/a><\/p>\n","protected":false},"author":4,"featured_media":35193,"comment_status":"closed","ping_status":"closed","sticky":false,"template":"","format":"standard","meta":[],"categories":[3859,8],"tags":[2530,459,393,1181,1374,825],"_links":{"self":[{"href":"https:\/\/bisbalpenedes.com\/web\/wp-json\/wp\/v2\/posts\/35192"}],"collection":[{"href":"https:\/\/bisbalpenedes.com\/web\/wp-json\/wp\/v2\/posts"}],"about":[{"href":"https:\/\/bisbalpenedes.com\/web\/wp-json\/wp\/v2\/types\/post"}],"author":[{"embeddable":true,"href":"https:\/\/bisbalpenedes.com\/web\/wp-json\/wp\/v2\/users\/4"}],"replies":[{"embeddable":true,"href":"https:\/\/bisbalpenedes.com\/web\/wp-json\/wp\/v2\/comments?post=35192"}],"version-history":[{"count":1,"href":"https:\/\/bisbalpenedes.com\/web\/wp-json\/wp\/v2\/posts\/35192\/revisions"}],"predecessor-version":[{"id":35194,"href":"https:\/\/bisbalpenedes.com\/web\/wp-json\/wp\/v2\/posts\/35192\/revisions\/35194"}],"wp:featuredmedia":[{"embeddable":true,"href":"https:\/\/bisbalpenedes.com\/web\/wp-json\/wp\/v2\/media\/35193"}],"wp:attachment":[{"href":"https:\/\/bisbalpenedes.com\/web\/wp-json\/wp\/v2\/media?parent=35192"}],"wp:term":[{"taxonomy":"category","embeddable":true,"href":"https:\/\/bisbalpenedes.com\/web\/wp-json\/wp\/v2\/categories?post=35192"},{"taxonomy":"post_tag","embeddable":true,"href":"https:\/\/bisbalpenedes.com\/web\/wp-json\/wp\/v2\/tags?post=35192"}],"curies":[{"name":"wp","href":"https:\/\/api.w.org\/{rel}","templated":true}]}}