{"id":35186,"date":"2025-11-07T09:42:55","date_gmt":"2025-11-07T07:42:55","guid":{"rendered":"https:\/\/bisbalpenedes.com\/web\/?p=35186"},"modified":"2025-11-07T09:44:24","modified_gmt":"2025-11-07T07:44:24","slug":"se-senyalitzen-i-sarrangen-camins-i-rutes-del-municipi-aquestes-accions-van-ser-les-mes-votades-en-la-darrera-edicio-dels-pressupostos-participatius","status":"publish","type":"post","link":"https:\/\/bisbalpenedes.com\/web\/2025\/11\/07\/se-senyalitzen-i-sarrangen-camins-i-rutes-del-municipi-aquestes-accions-van-ser-les-mes-votades-en-la-darrera-edicio-dels-pressupostos-participatius\/","title":{"rendered":"Se senyalitzen i s&#8217;arrangen camins i rutes del municipi &#8211; Aquestes accions van ser les m\u00e9s votades en la darrera edici\u00f3 dels Pressupostos Participatius"},"content":{"rendered":"\n<p>L&#8217;Ajuntament est\u00e0 treballant en la millora de la senyalitzaci\u00f3 i en l&#8217;arranjament de rutes i camins, la proposta que va obtenir m\u00e9s vots en la darrera edici\u00f3 dels Pressupostos Participatius (2024).<\/p>\n\n\n\n<p>L&#8217;estudi per tirar endavant les millores ha anat a c\u00e0rrec del ge\u00f2graf bisbalenc Robert Vall\u00e8s i ha tingut un cost de 340\u20ac (IVA no incl\u00f2s).<\/p>\n\n\n\n<p>Concretament s&#8217;arranjaran els seg\u00fcents camins, amb l&#8217;empresa Sol\u00e9 Xic:<\/p>\n\n\n\n<ul><li>Cam\u00ed de la Timba amb un import de 6.900\u20ac (IVA no incl\u00f2s).<\/li><li>Cam\u00ed de les Pubilles amb un import de 1.700\u20ac (IVA no incl\u00f2s)<\/li><li>Carrer dels Safaretjos amb un import de 3.250\u20ac (IVA no incl\u00f2s)<\/li><\/ul>\n\n\n\n<p>El disseny de banderoles i retolaci\u00f3 i la seva confecci\u00f3 ha anat a c\u00e0rrec de l&#8217;empresa Sigteg i el cost total \u00e9s de 1.295\u20ac (IVA no incl\u00f2s).<\/p>\n\n\n\n<hr class=\"wp-block-separator has-alpha-channel-opacity\"\/>\n\n\n\n<p>El Ayuntamiento est\u00e1 trabajando en la mejora de la se\u00f1alizaci\u00f3n y en el arreglo de rutas y caminos, la propuesta que obtuvo m\u00e1s votos en la \u00faltima edici\u00f3n de los Presupuestos Participativos (2024).<br>El estudio para llevar adelante las mejoras ha ido a cargo del ge\u00f3grafo bisbalenc Robert Vall\u00e8s y ha tenido un coste de 340 \u20ac (IVA no incluido).<br>Concretamente, se arreglar\u00e1n los siguientes caminos, con la empresa Sol\u00e9 Xic:<\/p>\n\n\n\n<ul><li>Camino de la Timba con un importe de 6.900 \u20ac (IVA no incluido)<\/li><li>\u2060Camino de les Pubilles con un importe de 1.700 \u20ac (IVA no incluido)<\/li><li>Calle dels Safaretjos con un importe de 3.250 \u20ac (IVA no incluido)<\/li><\/ul>\n\n\n\n<p><br>El dise\u00f1o de las banderolas y la rotulaci\u00f3n y su confecci\u00f3n ha ido a cargo de la empresa Sigteg y el coste total es de 1.295 \u20ac (IVA no incluido).<\/p>\n","protected":false},"excerpt":{"rendered":"<p>L&#8217;Ajuntament est\u00e0 treballant en la millora de la senyalitzaci\u00f3 i en l&#8217;arranjament de rutes i camins, la proposta que va obtenir m\u00e9s vots en la darrera edici\u00f3 dels Pressupostos Participatius &hellip; <a href=\"https:\/\/bisbalpenedes.com\/web\/2025\/11\/07\/se-senyalitzen-i-sarrangen-camins-i-rutes-del-municipi-aquestes-accions-van-ser-les-mes-votades-en-la-darrera-edicio-dels-pressupostos-participatius\/\" class=\"more-link\">Read More<\/a><\/p>\n","protected":false},"author":4,"featured_media":35187,"comment_status":"closed","ping_status":"closed","sticky":false,"template":"","format":"standard","meta":[],"categories":[8],"tags":[459,393,1048,980,4531,1369],"_links":{"self":[{"href":"https:\/\/bisbalpenedes.com\/web\/wp-json\/wp\/v2\/posts\/35186"}],"collection":[{"href":"https:\/\/bisbalpenedes.com\/web\/wp-json\/wp\/v2\/posts"}],"about":[{"href":"https:\/\/bisbalpenedes.com\/web\/wp-json\/wp\/v2\/types\/post"}],"author":[{"embeddable":true,"href":"https:\/\/bisbalpenedes.com\/web\/wp-json\/wp\/v2\/users\/4"}],"replies":[{"embeddable":true,"href":"https:\/\/bisbalpenedes.com\/web\/wp-json\/wp\/v2\/comments?post=35186"}],"version-history":[{"count":1,"href":"https:\/\/bisbalpenedes.com\/web\/wp-json\/wp\/v2\/posts\/35186\/revisions"}],"predecessor-version":[{"id":35188,"href":"https:\/\/bisbalpenedes.com\/web\/wp-json\/wp\/v2\/posts\/35186\/revisions\/35188"}],"wp:featuredmedia":[{"embeddable":true,"href":"https:\/\/bisbalpenedes.com\/web\/wp-json\/wp\/v2\/media\/35187"}],"wp:attachment":[{"href":"https:\/\/bisbalpenedes.com\/web\/wp-json\/wp\/v2\/media?parent=35186"}],"wp:term":[{"taxonomy":"category","embeddable":true,"href":"https:\/\/bisbalpenedes.com\/web\/wp-json\/wp\/v2\/categories?post=35186"},{"taxonomy":"post_tag","embeddable":true,"href":"https:\/\/bisbalpenedes.com\/web\/wp-json\/wp\/v2\/tags?post=35186"}],"curies":[{"name":"wp","href":"https:\/\/api.w.org\/{rel}","templated":true}]}}