{"id":35170,"date":"2025-11-05T22:59:09","date_gmt":"2025-11-05T20:59:09","guid":{"rendered":"https:\/\/bisbalpenedes.com\/web\/?p=35170"},"modified":"2025-11-05T23:02:26","modified_gmt":"2025-11-05T21:02:26","slug":"atencio-avis-per-pluges-torrencials-de-proteccio-civil","status":"publish","type":"post","link":"https:\/\/bisbalpenedes.com\/web\/2025\/11\/05\/atencio-avis-per-pluges-torrencials-de-proteccio-civil\/","title":{"rendered":"Atenci\u00f3! Av\u00eds per pluges torrencials de Protecci\u00f3 Civil"},"content":{"rendered":"\n<p>El Servei Meteorol\u00f2gic de Catalunya ha publicat un av\u00eds per intensitat de pluja per a la propera matinada (dijous 6\/11). Protecci\u00f3 Civil ha enviat avisos als tel\u00e8fons m\u00f2bils advertint de les pluges torrencials previstes per a la pr\u00f2xima matinada i dem\u00e0 al mat\u00ed al litoral i prelitoral.<\/p>\n\n\n\n<p>Extremeu les precaucions, eviteu despla\u00e7aments innecessaris, allunyeu-vos de rieres i barrancs i consulteu la informaci\u00f3 meteorol\u00f2gica i de tr\u00e0nsit abans de fer despla\u00e7aments.<\/p>\n\n\n\n<hr class=\"wp-block-separator has-alpha-channel-opacity\"\/>\n\n\n\n<p>El Servei Meteorol\u00f2gic de Catalunya ha publicado un aviso por intensidad de lluvia para la pr\u00f3xima madrugada (jueves 6\/11). Protecci\u00f3n Civil ha enviado avisos a los tel\u00e9fonos m\u00f3viles advirtiendo de las lluvias torrenciales previstas para la pr\u00f3xima madrugada y ma\u00f1ana por la ma\u00f1ana en el litoral y prelitoral.<\/p>\n\n\n\n<p>Extremad las precauciones, evitad desplazamientos innecesarios, alejaos de rieras y barrancos y consultad la informaci\u00f3n meteorol\u00f3gica y de tr\u00e1fico antes de hacer desplazamientos.<\/p>\n\n\n\n<figure class=\"wp-block-image size-large\"><img loading=\"lazy\" width=\"667\" height=\"1024\" src=\"https:\/\/bisbalpenedes.com\/web\/wp-content\/uploads\/2025\/11\/IMG_D56742647E66-1-667x1024.jpeg\" alt=\"\" class=\"wp-image-35171\" srcset=\"https:\/\/bisbalpenedes.com\/web\/wp-content\/uploads\/2025\/11\/IMG_D56742647E66-1-667x1024.jpeg 667w, https:\/\/bisbalpenedes.com\/web\/wp-content\/uploads\/2025\/11\/IMG_D56742647E66-1-195x300.jpeg 195w, https:\/\/bisbalpenedes.com\/web\/wp-content\/uploads\/2025\/11\/IMG_D56742647E66-1-768x1179.jpeg 768w, https:\/\/bisbalpenedes.com\/web\/wp-content\/uploads\/2025\/11\/IMG_D56742647E66-1-1001x1536.jpeg 1001w, https:\/\/bisbalpenedes.com\/web\/wp-content\/uploads\/2025\/11\/IMG_D56742647E66-1-600x921.jpeg 600w, https:\/\/bisbalpenedes.com\/web\/wp-content\/uploads\/2025\/11\/IMG_D56742647E66-1.jpeg 1284w\" sizes=\"(max-width: 667px) 100vw, 667px\" \/><\/figure>\n\n\n\n<figure class=\"wp-block-image size-full\"><img loading=\"lazy\" width=\"679\" height=\"947\" src=\"https:\/\/bisbalpenedes.com\/web\/wp-content\/uploads\/2025\/11\/AVIS-PLUJA-ACTUALITZAT.jpeg\" alt=\"\" class=\"wp-image-35172\" srcset=\"https:\/\/bisbalpenedes.com\/web\/wp-content\/uploads\/2025\/11\/AVIS-PLUJA-ACTUALITZAT.jpeg 679w, https:\/\/bisbalpenedes.com\/web\/wp-content\/uploads\/2025\/11\/AVIS-PLUJA-ACTUALITZAT-215x300.jpeg 215w, https:\/\/bisbalpenedes.com\/web\/wp-content\/uploads\/2025\/11\/AVIS-PLUJA-ACTUALITZAT-600x837.jpeg 600w\" sizes=\"(max-width: 679px) 100vw, 679px\" \/><\/figure>\n\n\n\n<figure class=\"wp-block-image size-large\"><img loading=\"lazy\" width=\"838\" height=\"1024\" src=\"https:\/\/bisbalpenedes.com\/web\/wp-content\/uploads\/2025\/11\/AVIS-PLUJA-838x1024.jpeg\" alt=\"\" class=\"wp-image-35144\" srcset=\"https:\/\/bisbalpenedes.com\/web\/wp-content\/uploads\/2025\/11\/AVIS-PLUJA-838x1024.jpeg 838w, https:\/\/bisbalpenedes.com\/web\/wp-content\/uploads\/2025\/11\/AVIS-PLUJA-246x300.jpeg 246w, https:\/\/bisbalpenedes.com\/web\/wp-content\/uploads\/2025\/11\/AVIS-PLUJA-768x938.jpeg 768w, https:\/\/bisbalpenedes.com\/web\/wp-content\/uploads\/2025\/11\/AVIS-PLUJA-1257x1536.jpeg 1257w, https:\/\/bisbalpenedes.com\/web\/wp-content\/uploads\/2025\/11\/AVIS-PLUJA-600x733.jpeg 600w, https:\/\/bisbalpenedes.com\/web\/wp-content\/uploads\/2025\/11\/AVIS-PLUJA.jpeg 1490w\" sizes=\"(max-width: 838px) 100vw, 838px\" \/><\/figure>\n","protected":false},"excerpt":{"rendered":"<p>El Servei Meteorol\u00f2gic de Catalunya ha publicat un av\u00eds per intensitat de pluja per a la propera matinada (dijous 6\/11). Protecci\u00f3 Civil ha enviat avisos als tel\u00e8fons m\u00f2bils advertint de &hellip; <a href=\"https:\/\/bisbalpenedes.com\/web\/2025\/11\/05\/atencio-avis-per-pluges-torrencials-de-proteccio-civil\/\" class=\"more-link\">Read More<\/a><\/p>\n","protected":false},"author":4,"featured_media":35174,"comment_status":"closed","ping_status":"closed","sticky":false,"template":"","format":"standard","meta":[],"categories":[1628,2543,8],"tags":[3565,459,393,1188,1374,4612,1190],"_links":{"self":[{"href":"https:\/\/bisbalpenedes.com\/web\/wp-json\/wp\/v2\/posts\/35170"}],"collection":[{"href":"https:\/\/bisbalpenedes.com\/web\/wp-json\/wp\/v2\/posts"}],"about":[{"href":"https:\/\/bisbalpenedes.com\/web\/wp-json\/wp\/v2\/types\/post"}],"author":[{"embeddable":true,"href":"https:\/\/bisbalpenedes.com\/web\/wp-json\/wp\/v2\/users\/4"}],"replies":[{"embeddable":true,"href":"https:\/\/bisbalpenedes.com\/web\/wp-json\/wp\/v2\/comments?post=35170"}],"version-history":[{"count":1,"href":"https:\/\/bisbalpenedes.com\/web\/wp-json\/wp\/v2\/posts\/35170\/revisions"}],"predecessor-version":[{"id":35173,"href":"https:\/\/bisbalpenedes.com\/web\/wp-json\/wp\/v2\/posts\/35170\/revisions\/35173"}],"wp:featuredmedia":[{"embeddable":true,"href":"https:\/\/bisbalpenedes.com\/web\/wp-json\/wp\/v2\/media\/35174"}],"wp:attachment":[{"href":"https:\/\/bisbalpenedes.com\/web\/wp-json\/wp\/v2\/media?parent=35170"}],"wp:term":[{"taxonomy":"category","embeddable":true,"href":"https:\/\/bisbalpenedes.com\/web\/wp-json\/wp\/v2\/categories?post=35170"},{"taxonomy":"post_tag","embeddable":true,"href":"https:\/\/bisbalpenedes.com\/web\/wp-json\/wp\/v2\/tags?post=35170"}],"curies":[{"name":"wp","href":"https:\/\/api.w.org\/{rel}","templated":true}]}}