{"id":35156,"date":"2025-11-05T10:05:56","date_gmt":"2025-11-05T08:05:56","guid":{"rendered":"https:\/\/bisbalpenedes.com\/web\/?p=35156"},"modified":"2025-11-05T10:05:56","modified_gmt":"2025-11-05T08:05:56","slug":"del-10-al-14-de-novembre-podeu-participar-en-la-setmana-de-classes-obertes-a-lescola-municipal-de-musica","status":"publish","type":"post","link":"https:\/\/bisbalpenedes.com\/web\/2025\/11\/05\/del-10-al-14-de-novembre-podeu-participar-en-la-setmana-de-classes-obertes-a-lescola-municipal-de-musica\/","title":{"rendered":"Del 10 al 14 de novembre podeu participar en la Setmana de Classes Obertes a l&#8217;Escola Municipal de M\u00fasica"},"content":{"rendered":"\n<p>Setmana de Classes Obertes a l&#8217;Escola Municipal de M\u00fasica de La Bisbal del Pened\u00e8s! <\/p>\n\n\n\n<p>Del 10 al 14 de novembre, obrim les portes perqu\u00e8 puguis descobrir de prop les classes de m\u00fasica de l\u2019Escola Municipal de M\u00fasica de La Bisbal del Pened\u00e8s.<br>Si vols aprendre a tocar un instrument, \u00e9s el moment!<\/p>\n\n\n\n<p><strong>Classes obertes:<\/strong><\/p>\n\n\n\n<p><strong>Dimarts 11<\/strong><br>Sensibilitzaci\u00f3 musical: 16:30 a 17:30 h \u2013 Escola Ull de Vent<br>M\u00fasica viva i conjunt: 16:45 a 18 h \u2013 CMC<\/p>\n\n\n\n<p><strong>Dimecres 12<\/strong><br>Piano: 16:45 a 17:30 h \u2013 CMC<\/p>\n\n\n\n<p><strong>Dijous 13<\/strong><br>Bateria: 16:45 a 17:30 h \u2013 CMC<\/p>\n\n\n\n<p>Places disponibles:<br>\u25aaSensibilitzaci\u00f3 musical (d\u2019I3 a I5)<br>\u25aaM\u00fasica viva i conjunt (de 2n a 6\u00e8 de prim\u00e0ria)<br>\u25aaPiano 1<br>\u25aaBateria 1<\/p>\n\n\n\n<p>Vine a provar, con\u00e8ixer l\u2019equip docent i descobrir tot el que pots aprendre a trav\u00e9s de la m\u00fasica a La Bisbal del Pened\u00e8s!<\/p>\n\n\n\n<hr class=\"wp-block-separator has-alpha-channel-opacity\"\/>\n\n\n\n<p>\u00a1Semana de Clases Abiertas en la Escola Municipal de M\u00fasica de La Bisbal del Pened\u00e8s! <\/p>\n\n\n\n<p>Del 10 al 14 de noviembre abrimos las puertas para que puedas descubrir de cerca las clases de m\u00fasica de la Escola Municipal de M\u00fasica de La Bisbal del Pened\u00e8s.<br>Si quieres aprender a tocar un instrumento, \u00a1este es el momento!<\/p>\n\n\n\n<p>Clases abiertas:<\/p>\n\n\n\n<p><strong>Martes 11<\/strong><br>Sensibilizaci\u00f3n musical: 16:30 a 17:30 h \u2013 Escola Ull de Vent<br>M\u00fasica viva y conjunto: 16:45 a 18 h \u2013 CMC<\/p>\n\n\n\n<p><strong>Mi\u00e9rcoles 12<\/strong><br>Piano: 16:45 a 17:30 h \u2013 CMC<\/p>\n\n\n\n<p>J<strong>ueves 13<\/strong><br>Bater\u00eda: 16:45 a 17:30 h \u2013 CMC<\/p>\n\n\n\n<p>Plazas disponibles:<br>\u25aaSensibilizaci\u00f3n musical (de I3 a I5)<br>\u25aaM\u00fasica viva y conjunto (de 2\u00ba a 6\u00ba de primaria)<br>\u25aaPiano 1<br>\u25aaBater\u00eda 1<\/p>\n\n\n\n<p>\u00a1Ven a probar, conocer al equipo docente y descubrir todo lo que puedes aprender a trav\u00e9s de la m\u00fasica en La Bisbal del Pened\u00e8s!<\/p>\n\n\n\n<p><\/p>\n","protected":false},"excerpt":{"rendered":"<p>Setmana de Classes Obertes a l&#8217;Escola Municipal de M\u00fasica de La Bisbal del Pened\u00e8s! Del 10 al 14 de novembre, obrim les portes perqu\u00e8 puguis descobrir de prop les classes &hellip; <a href=\"https:\/\/bisbalpenedes.com\/web\/2025\/11\/05\/del-10-al-14-de-novembre-podeu-participar-en-la-setmana-de-classes-obertes-a-lescola-municipal-de-musica\/\" class=\"more-link\">Read More<\/a><\/p>\n","protected":false},"author":4,"featured_media":35157,"comment_status":"closed","ping_status":"closed","sticky":false,"template":"","format":"standard","meta":[],"categories":[4269,398,8],"tags":[1014,7231,393,72,1374],"_links":{"self":[{"href":"https:\/\/bisbalpenedes.com\/web\/wp-json\/wp\/v2\/posts\/35156"}],"collection":[{"href":"https:\/\/bisbalpenedes.com\/web\/wp-json\/wp\/v2\/posts"}],"about":[{"href":"https:\/\/bisbalpenedes.com\/web\/wp-json\/wp\/v2\/types\/post"}],"author":[{"embeddable":true,"href":"https:\/\/bisbalpenedes.com\/web\/wp-json\/wp\/v2\/users\/4"}],"replies":[{"embeddable":true,"href":"https:\/\/bisbalpenedes.com\/web\/wp-json\/wp\/v2\/comments?post=35156"}],"version-history":[{"count":1,"href":"https:\/\/bisbalpenedes.com\/web\/wp-json\/wp\/v2\/posts\/35156\/revisions"}],"predecessor-version":[{"id":35158,"href":"https:\/\/bisbalpenedes.com\/web\/wp-json\/wp\/v2\/posts\/35156\/revisions\/35158"}],"wp:featuredmedia":[{"embeddable":true,"href":"https:\/\/bisbalpenedes.com\/web\/wp-json\/wp\/v2\/media\/35157"}],"wp:attachment":[{"href":"https:\/\/bisbalpenedes.com\/web\/wp-json\/wp\/v2\/media?parent=35156"}],"wp:term":[{"taxonomy":"category","embeddable":true,"href":"https:\/\/bisbalpenedes.com\/web\/wp-json\/wp\/v2\/categories?post=35156"},{"taxonomy":"post_tag","embeddable":true,"href":"https:\/\/bisbalpenedes.com\/web\/wp-json\/wp\/v2\/tags?post=35156"}],"curies":[{"name":"wp","href":"https:\/\/api.w.org\/{rel}","templated":true}]}}