{"id":35152,"date":"2025-11-05T09:33:08","date_gmt":"2025-11-05T07:33:08","guid":{"rendered":"https:\/\/bisbalpenedes.com\/web\/?p=35152"},"modified":"2025-11-05T09:33:08","modified_gmt":"2025-11-05T07:33:08","slug":"dues-noves-incorporacions-a-lajuntament-de-la-bisbal-del-penedes-en-el-marc-del-programa-treball-i-formacio-trefo","status":"publish","type":"post","link":"https:\/\/bisbalpenedes.com\/web\/2025\/11\/05\/dues-noves-incorporacions-a-lajuntament-de-la-bisbal-del-penedes-en-el-marc-del-programa-treball-i-formacio-trefo\/","title":{"rendered":"<strong>Dues noves incorporacions a l\u2019Ajuntament de la Bisbal del Pened\u00e8s en el marc del Programa Treball i Formaci\u00f3 (TREFO)<\/strong>"},"content":{"rendered":"\n<p>El passat dimecres 30 d&#8217;octubre es van incorporar dues noves persones treballadores a l\u2019Ajuntament de la Bisbal del Pened\u00e8s gr\u00e0cies al Programa Treball i Formaci\u00f3 (convocat\u00f2ria 2025) impulsat pel Servei P\u00fablic d\u2019Ocupaci\u00f3 de Catalunya (SOC) de la Generalitat de Catalunya.<\/p>\n\n\n\n<p>La brigada municipal ha incorporat un nou treballador, Lu\u00eds Benet, mentre que la Biblioteca Municipal i el Centre Municipal de Cultura compten des d\u2019ara amb una nova auxiliar administrativa, Judith Merino.<\/p>\n\n\n\n<p>El Programa Treball i Formaci\u00f3 \u00e9s una iniciativa destinada a fomentar l\u2019ocupaci\u00f3 i la formaci\u00f3 al Baix Pened\u00e8s, amb l\u2019objectiu de millorar l\u2019ocupabilitat de persones en situaci\u00f3 d\u2019atur i facilitar la seva inserci\u00f3 en el mercat laboral, oferint-los una nova experi\u00e8ncia professional.<\/p>\n\n\n\n<p>En aquesta convocat\u00f2ria 2025, l\u2019Ajuntament ha obtingut dues contractacions laborals, amb una durada de 12 mesos cadascuna, destinades als perfils seg\u00fcents:<\/p>\n\n\n\n<ul><li>Operari de brigada municipal.<\/li><li>Auxiliar administrativa de suport a la biblioteca i al Centre Municipal de Cultura.<\/li><\/ul>\n\n\n\n<p>La selecci\u00f3 de les persones contractades s\u2019ha dut a terme mitjan\u00e7ant una convocat\u00f2ria gestionada pel Consell Comarcal del Baix Pened\u00e8s, en col\u00b7laboraci\u00f3 amb l\u2019Oficina de Treball (OTG) de Vendrell.<\/p>\n\n\n\n<p>Amb aquestes incorporacions, l\u2019Ajuntament reafirma el seu comprom\u00eds de continuar treballant per fomentar oportunitats laborals i refor\u00e7ar els serveis municipals al servei de la ciutadania.<\/p>\n\n\n\n<figure class=\"wp-block-image size-large\"><img loading=\"lazy\" width=\"1024\" height=\"576\" src=\"https:\/\/bisbalpenedes.com\/web\/wp-content\/uploads\/2025\/11\/1-1024x576.jpg\" alt=\"\" class=\"wp-image-35154\" srcset=\"https:\/\/bisbalpenedes.com\/web\/wp-content\/uploads\/2025\/11\/1-1024x576.jpg 1024w, https:\/\/bisbalpenedes.com\/web\/wp-content\/uploads\/2025\/11\/1-300x169.jpg 300w, https:\/\/bisbalpenedes.com\/web\/wp-content\/uploads\/2025\/11\/1-768x432.jpg 768w, https:\/\/bisbalpenedes.com\/web\/wp-content\/uploads\/2025\/11\/1-600x338.jpg 600w, https:\/\/bisbalpenedes.com\/web\/wp-content\/uploads\/2025\/11\/1.jpg 1080w\" sizes=\"(max-width: 1024px) 100vw, 1024px\" \/><\/figure>\n\n\n\n<hr class=\"wp-block-separator has-alpha-channel-opacity\"\/>\n\n\n\n<h2><strong>Dos nuevas incorporaciones en el Ajuntament de la Bisbal del Pened\u00e8s en el marco del Programa Treball i Formaci\u00f3 (TREFO)<\/strong><\/h2>\n\n\n\n<p>El pasado mi\u00e9rcoles 30 de octubre se incorporaron dos nuevas personas trabajadoras al Ajuntament de la Bisbal del Pened\u00e8s gracias al Programa Treball i Formaci\u00f3 (convocatoria 2025) impulsado por el Servei P\u00fablic d\u2019Ocupaci\u00f3 de Catalunya (SOC) de la Generalitat de Catalunya.<\/p>\n\n\n\n<p>La brigada municipal ha incorporado a un nuevo trabajador, Lu\u00eds Benet, mientras que la Biblioteca Municipal y el Centre Municipal de Cultura cuentan, desde ahora, con una nueva auxiliar administrativa, Judith Merino.<\/p>\n\n\n\n<p>El Programa Treball i Formaci\u00f3 es una iniciativa destinada a fomentar el empleo y la formaci\u00f3n en el Baix Pened\u00e8s, con el objetivo de mejorar la empleabilidad de personas en situaci\u00f3n de desempleo y facilitar su inserci\u00f3n en el mercado laboral, ofreci\u00e9ndoles una nueva experiencia profesional.<\/p>\n\n\n\n<p>En esta convocatoria 2025, el Ajuntament ha obtenido dos contrataciones laborales, con una duraci\u00f3n de 12 meses cada una, destinadas a los siguientes perfiles:<\/p>\n\n\n\n<p>\u2022 Operario de brigada municipal.<\/p>\n\n\n\n<p>\u2022 Auxiliar administrativa de apoyo a la biblioteca y al Centre Municipal de Cultura.<\/p>\n\n\n\n<p>La selecci\u00f3n de las personas contratadas se ha llevado a cabo mediante una convocatoria gestionada por el Consell Comarcal del Baix Pened\u00e8s, en colaboraci\u00f3n con la Oficina de Treball (OTG) de Vendrell.<\/p>\n\n\n\n<p>Con estas incorporaciones, el Ajuntament reafirma su compromiso de seguir trabajando para fomentar oportunidades laborales y reforzar los servicios municipales al servicio de la ciudadan\u00eda.<\/p>\n","protected":false},"excerpt":{"rendered":"<p>El passat dimecres 30 d&#8217;octubre es van incorporar dues noves persones treballadores a l\u2019Ajuntament de la Bisbal del Pened\u00e8s gr\u00e0cies al Programa Treball i Formaci\u00f3 (convocat\u00f2ria 2025) impulsat pel Servei &hellip; <a href=\"https:\/\/bisbalpenedes.com\/web\/2025\/11\/05\/dues-noves-incorporacions-a-lajuntament-de-la-bisbal-del-penedes-en-el-marc-del-programa-treball-i-formacio-trefo\/\" class=\"more-link\">Read More<\/a><\/p>\n","protected":false},"author":4,"featured_media":35153,"comment_status":"closed","ping_status":"closed","sticky":false,"template":"","format":"standard","meta":[],"categories":[8,9],"tags":[180,2462,2930,393,7230,7229,213],"_links":{"self":[{"href":"https:\/\/bisbalpenedes.com\/web\/wp-json\/wp\/v2\/posts\/35152"}],"collection":[{"href":"https:\/\/bisbalpenedes.com\/web\/wp-json\/wp\/v2\/posts"}],"about":[{"href":"https:\/\/bisbalpenedes.com\/web\/wp-json\/wp\/v2\/types\/post"}],"author":[{"embeddable":true,"href":"https:\/\/bisbalpenedes.com\/web\/wp-json\/wp\/v2\/users\/4"}],"replies":[{"embeddable":true,"href":"https:\/\/bisbalpenedes.com\/web\/wp-json\/wp\/v2\/comments?post=35152"}],"version-history":[{"count":1,"href":"https:\/\/bisbalpenedes.com\/web\/wp-json\/wp\/v2\/posts\/35152\/revisions"}],"predecessor-version":[{"id":35155,"href":"https:\/\/bisbalpenedes.com\/web\/wp-json\/wp\/v2\/posts\/35152\/revisions\/35155"}],"wp:featuredmedia":[{"embeddable":true,"href":"https:\/\/bisbalpenedes.com\/web\/wp-json\/wp\/v2\/media\/35153"}],"wp:attachment":[{"href":"https:\/\/bisbalpenedes.com\/web\/wp-json\/wp\/v2\/media?parent=35152"}],"wp:term":[{"taxonomy":"category","embeddable":true,"href":"https:\/\/bisbalpenedes.com\/web\/wp-json\/wp\/v2\/categories?post=35152"},{"taxonomy":"post_tag","embeddable":true,"href":"https:\/\/bisbalpenedes.com\/web\/wp-json\/wp\/v2\/tags?post=35152"}],"curies":[{"name":"wp","href":"https:\/\/api.w.org\/{rel}","templated":true}]}}