{"id":35146,"date":"2025-11-05T08:51:24","date_gmt":"2025-11-05T06:51:24","guid":{"rendered":"https:\/\/bisbalpenedes.com\/web\/?p=35146"},"modified":"2025-11-05T09:07:15","modified_gmt":"2025-11-05T07:07:15","slug":"lajuntament-de-la-bisbal-del-penedes-participa-en-el-projecte-diverify-ccam-per-a-la-millora-de-la-mobilitat-rural","status":"publish","type":"post","link":"https:\/\/bisbalpenedes.com\/web\/2025\/11\/05\/lajuntament-de-la-bisbal-del-penedes-participa-en-el-projecte-diverify-ccam-per-a-la-millora-de-la-mobilitat-rural\/","title":{"rendered":"<strong>L\u2019Ajuntament de la Bisbal del Pened\u00e8s participa en el Projecte Diverify-CCAM per a la millora de la mobilitat rural<\/strong>"},"content":{"rendered":"\n<p>L\u2019Ajuntament de la Bisbal del Pened\u00e8s participa en el Projecte europeu Diverify-CCAM, una iniciativa centrada en la mobilitat connectada, cooperativa i automatitzada que compta amb la participaci\u00f3 de la Diputaci\u00f3 de Tarragona i d\u2019Idiada, aix\u00ed com de diferents institucions i territoris europeus.<\/p>\n\n\n\n<p>La Diputaci\u00f3 de Tarragona i Idiada han seleccionat el Baix Pened\u00e8s com a territori de refer\u00e8ncia per a l\u2019estudi i desenvolupament d\u2019aquest projecte. En aquest marc, el passat dimecres 29 d\u2019octubre, l\u2019alcaldessa de la Bisbal del Pened\u00e8s, Agn\u00e8s Ferr\u00e9, va assistir a la jornada \u201cProjecte Diverify-CCAM. Situaci\u00f3 actual i presentaci\u00f3 de l\u2019eina digital pilot de solucions a la mobilitat rural\u201d, que va tenir lloc al monestir de Santa Oliva, juntament amb altres alcaldes i representants municipals de la comarca.<\/p>\n\n\n\n<p>Durant la sessi\u00f3 es va presentar l\u2019abast del projecte, aix\u00ed com els resultats de les enquestes realitzades al Baix Pened\u00e8s sobre les necessitats i dificultats de mobilitat al territori. Tamb\u00e9 es va dur a terme una activitat pr\u00e0ctica de familiaritzaci\u00f3 amb els sistemes CCAM i es va presentar l\u2019eina D-tool, que contribuir\u00e0 a dissenyar solucions de mobilitat adaptades al context local, geogr\u00e0fic i cultural de cada territori.<\/p>\n\n\n\n<p>Fa uns mesos, l\u2019equip responsable del projecte va mantenir una entrevista amb l\u2019alcaldessa de la Bisbal del Pened\u00e8s per tal de con\u00e8ixer de primera m\u00e0 les problem\u00e0tiques, inquietuds i possibles propostes de millora en l\u2019\u00e0mbit de la mobilitat al municipi.<\/p>\n\n\n\n<p>L&#8217;alcaldessa Agn\u00e8s Ferr\u00e9 ha explicat que <em>\u201c\u00e9s un projecte molt important, en el qual ens sentim orgullosos de participar. Ens permet aportar la nostra experi\u00e8ncia i les necessitats reals del territori per contribuir en el disseny de solucions de mobilitat connectada, cooperativa i automatitzada en municipis com el nostre\u201d.<\/em><\/p>\n\n\n\n<p>Amb aquesta participaci\u00f3, la Bisbal del Pened\u00e8s reafirma el seu comprom\u00eds amb la millora de la mobilitat i la qualitat de vida de la ciutadania, explorant models innovadors i sostenibles adaptats a la realitat rural.<\/p>\n\n\n\n<hr class=\"wp-block-separator has-alpha-channel-opacity\"\/>\n\n\n\n<h2><strong>El Ajuntament de la Bisbal del Pened\u00e8s participa en el Proyecto Diverify-CCAM para la mejora de la movilidad rural<\/strong><\/h2>\n\n\n\n<p>El Ajuntament de la Bisbal del Pened\u00e8s participa en el proyecto europeo Diverify-CCAM, una iniciativa centrada en la movilidad conectada, cooperativa y automatizada, que cuenta con la participaci\u00f3n de la Diputaci\u00f3 de Tarragona y de Idiada, as\u00ed como de diferentes instituciones y territorios europeos.<\/p>\n\n\n\n<p>La Diputaci\u00f3 de Tarragona e Idiada han seleccionado el Baix Pened\u00e8s como territorio de referencia para el estudio y desarrollo de este proyecto. En este marco, el pasado mi\u00e9rcoles 29 de octubre, la alcaldesa de la Bisbal del Pened\u00e8s, Agn\u00e8s Ferr\u00e9, asisti\u00f3 a la jornada \u201cProyecto Diverify-CCAM. Situaci\u00f3n actual y presentaci\u00f3n de la herramienta digital piloto de soluciones para la movilidad rural\u201d, que tuvo lugar en el monasterio de Santa Oliva, junto con otros alcaldes y representantes municipales de la comarca.<\/p>\n\n\n\n<p>Durante la sesi\u00f3n se present\u00f3 el alcance del proyecto, as\u00ed como los resultados de las encuestas realizadas en el Baix Pened\u00e8s sobre las necesidades y dificultades de movilidad en el territorio. Tambi\u00e9n se llev\u00f3 a cabo una actividad pr\u00e1ctica de familiarizaci\u00f3n con los sistemas CCAM y se present\u00f3 la herramienta D-tool, que contribuir\u00e1 a dise\u00f1ar soluciones de movilidad adaptadas al contexto local, geogr\u00e1fico y cultural de cada territorio.<\/p>\n\n\n\n<p>Hace unos meses, el equipo responsable del proyecto mantuvo una entrevista con la alcaldesa de la Bisbal del Pened\u00e8s con el fin de conocer de primera mano las problem\u00e1ticas, inquietudes y posibles propuestas de mejora en el \u00e1mbito de la movilidad en el municipio.<\/p>\n\n\n\n<p>La alcaldesa Agn\u00e8s Ferr\u00e9 ha explicado que <em>\u201ces un proyecto muy importante, en el que nos sentimos orgullosos de participar. Nos permite aportar nuestra experiencia y las necesidades reales del territorio para contribuir en el dise\u00f1o de soluciones de movilidad conectada, cooperativa y automatizada en municipios como el nuestro\u201d.<\/em><\/p>\n\n\n\n<p>Con esta participaci\u00f3n, la Bisbal del Pened\u00e8s reafirma su compromiso con la mejora de la movilidad y la calidad de vida de la ciudadan\u00eda, explorando modelos innovadores y sostenibles adaptados a la realidad rural.<\/p>\n","protected":false},"excerpt":{"rendered":"<p>L\u2019Ajuntament de la Bisbal del Pened\u00e8s participa en el Projecte europeu Diverify-CCAM, una iniciativa centrada en la mobilitat connectada, cooperativa i automatitzada que compta amb la participaci\u00f3 de la Diputaci\u00f3 &hellip; <a href=\"https:\/\/bisbalpenedes.com\/web\/2025\/11\/05\/lajuntament-de-la-bisbal-del-penedes-participa-en-el-projecte-diverify-ccam-per-a-la-millora-de-la-mobilitat-rural\/\" class=\"more-link\">Read More<\/a><\/p>\n","protected":false},"author":4,"featured_media":35150,"comment_status":"closed","ping_status":"closed","sticky":false,"template":"","format":"standard","meta":[],"categories":[2057,3859,8],"tags":[673,7227,1936,393,1181,7228],"_links":{"self":[{"href":"https:\/\/bisbalpenedes.com\/web\/wp-json\/wp\/v2\/posts\/35146"}],"collection":[{"href":"https:\/\/bisbalpenedes.com\/web\/wp-json\/wp\/v2\/posts"}],"about":[{"href":"https:\/\/bisbalpenedes.com\/web\/wp-json\/wp\/v2\/types\/post"}],"author":[{"embeddable":true,"href":"https:\/\/bisbalpenedes.com\/web\/wp-json\/wp\/v2\/users\/4"}],"replies":[{"embeddable":true,"href":"https:\/\/bisbalpenedes.com\/web\/wp-json\/wp\/v2\/comments?post=35146"}],"version-history":[{"count":1,"href":"https:\/\/bisbalpenedes.com\/web\/wp-json\/wp\/v2\/posts\/35146\/revisions"}],"predecessor-version":[{"id":35148,"href":"https:\/\/bisbalpenedes.com\/web\/wp-json\/wp\/v2\/posts\/35146\/revisions\/35148"}],"wp:featuredmedia":[{"embeddable":true,"href":"https:\/\/bisbalpenedes.com\/web\/wp-json\/wp\/v2\/media\/35150"}],"wp:attachment":[{"href":"https:\/\/bisbalpenedes.com\/web\/wp-json\/wp\/v2\/media?parent=35146"}],"wp:term":[{"taxonomy":"category","embeddable":true,"href":"https:\/\/bisbalpenedes.com\/web\/wp-json\/wp\/v2\/categories?post=35146"},{"taxonomy":"post_tag","embeddable":true,"href":"https:\/\/bisbalpenedes.com\/web\/wp-json\/wp\/v2\/tags?post=35146"}],"curies":[{"name":"wp","href":"https:\/\/api.w.org\/{rel}","templated":true}]}}