{"id":35116,"date":"2025-11-02T19:30:00","date_gmt":"2025-11-02T17:30:00","guid":{"rendered":"https:\/\/bisbalpenedes.com\/web\/?p=35116"},"modified":"2025-11-03T09:41:24","modified_gmt":"2025-11-03T07:41:24","slug":"la-junta-de-govern-daquest-dilluns-3-de-novembre-conte-una-proposta-amb-competencia-delegada-del-ple","status":"publish","type":"post","link":"https:\/\/bisbalpenedes.com\/web\/2025\/11\/02\/la-junta-de-govern-daquest-dilluns-3-de-novembre-conte-una-proposta-amb-competencia-delegada-del-ple\/","title":{"rendered":"La Junta de govern d&#8217;aquest dilluns 3 de novembre cont\u00e9 una proposta amb compet\u00e8ncia delegada del Ple"},"content":{"rendered":"\n<p>Aquest dilluns 3 de novembre se celebrar\u00e0 una Junta de govern que cont\u00e9 una proposta que \u00e9s compet\u00e8ncia del Ple delegada a la Junta, segons acord plenari del 6 de juliol de 2023. \u00c9s el seg\u00fcent.<\/p>\n\n\n\n<ul><li>Expedient 1846\/2025. Inici de la contractaci\u00f3 per Acord Marc ACM, del subministrament via r\u00e8nting d&#8217;un equip d&#8217;impressi\u00f3 per a la Llar d&#8217;infants (modificaci\u00f3 de l&#8217;aprovaci\u00f3 del 6 d&#8217;octubre).<\/li><\/ul>\n\n\n\n<p>Les sessions de la Junta de Govern local no s\u00f3n p\u00fabliques, per\u00f2 quan actua en compet\u00e8ncies delegades del Ple, la sessi\u00f3 se sotmet als mateixos requisits de publicitat que les sessions del Ple, que s\u00f3n p\u00fabliques. Aix\u00ed ho va declarar la STS 161\/2013, de 26 de setembre.<\/p>\n\n\n\n<p>Per aquest motiu, a les 10h s&#8217;obriran les portes de la sala de plens per tal que hi pugui assistir p\u00fablic. Tamb\u00e9 es gravar\u00e0 aquest punt de l&#8217;ordre del dia i posteriorment es retransmetr\u00e0 per garantir la seva publicitat.<\/p>\n\n\n\n<hr class=\"wp-block-separator has-alpha-channel-opacity\"\/>\n\n\n\n<p>Este lunes 3 de noviembre se celebrar\u00e1 una Junta de Gobierno que contiene una propuesta que es competencia del Pleno delegada a la Junta, seg\u00fan acuerdo plenario del 6 de julio de 2023. Es el siguiente:<\/p>\n\n\n\n<ul><li>Expediente 1846\/2025. Inicio de la contrataci\u00f3n por Acuerdo Marco ACM, del suministro v\u00eda renting de un equipo de impresi\u00f3n para la Guarder\u00eda (modificaci\u00f3n de la aprobaci\u00f3n del 6 de octubre).<\/li><\/ul>\n\n\n\n<p>Las sesiones de la Junta de Gobierno Local no son p\u00fablicas, pero cuando act\u00faa en competencias delegadas del Pleno, la sesi\u00f3n se somete a los mismos requisitos de publicidad que las sesiones del Pleno, que son p\u00fablicas. As\u00ed lo declar\u00f3 la STS 161\/2013, de 26 de septiembre.<\/p>\n\n\n\n<p>Por este motivo, a las 10h se abrir\u00e1n las puertas de la sala de plenos para que pueda asistir p\u00fablico. Tambi\u00e9n se grabar\u00e1 este punto del orden del d\u00eda y posteriormente se retransmitir\u00e1 para garantizar su publicidad.<\/p>\n","protected":false},"excerpt":{"rendered":"<p>Aquest dilluns 3 de novembre se celebrar\u00e0 una Junta de govern que cont\u00e9 una proposta que \u00e9s compet\u00e8ncia del Ple delegada a la Junta, segons acord plenari del 6 de &hellip; <a href=\"https:\/\/bisbalpenedes.com\/web\/2025\/11\/02\/la-junta-de-govern-daquest-dilluns-3-de-novembre-conte-una-proposta-amb-competencia-delegada-del-ple\/\" class=\"more-link\">Read More<\/a><\/p>\n","protected":false},"author":4,"featured_media":35117,"comment_status":"closed","ping_status":"closed","sticky":false,"template":"","format":"standard","meta":[],"categories":[3085,8],"tags":[5054,686,393],"_links":{"self":[{"href":"https:\/\/bisbalpenedes.com\/web\/wp-json\/wp\/v2\/posts\/35116"}],"collection":[{"href":"https:\/\/bisbalpenedes.com\/web\/wp-json\/wp\/v2\/posts"}],"about":[{"href":"https:\/\/bisbalpenedes.com\/web\/wp-json\/wp\/v2\/types\/post"}],"author":[{"embeddable":true,"href":"https:\/\/bisbalpenedes.com\/web\/wp-json\/wp\/v2\/users\/4"}],"replies":[{"embeddable":true,"href":"https:\/\/bisbalpenedes.com\/web\/wp-json\/wp\/v2\/comments?post=35116"}],"version-history":[{"count":1,"href":"https:\/\/bisbalpenedes.com\/web\/wp-json\/wp\/v2\/posts\/35116\/revisions"}],"predecessor-version":[{"id":35118,"href":"https:\/\/bisbalpenedes.com\/web\/wp-json\/wp\/v2\/posts\/35116\/revisions\/35118"}],"wp:featuredmedia":[{"embeddable":true,"href":"https:\/\/bisbalpenedes.com\/web\/wp-json\/wp\/v2\/media\/35117"}],"wp:attachment":[{"href":"https:\/\/bisbalpenedes.com\/web\/wp-json\/wp\/v2\/media?parent=35116"}],"wp:term":[{"taxonomy":"category","embeddable":true,"href":"https:\/\/bisbalpenedes.com\/web\/wp-json\/wp\/v2\/categories?post=35116"},{"taxonomy":"post_tag","embeddable":true,"href":"https:\/\/bisbalpenedes.com\/web\/wp-json\/wp\/v2\/tags?post=35116"}],"curies":[{"name":"wp","href":"https:\/\/api.w.org\/{rel}","templated":true}]}}