{"id":35112,"date":"2025-10-31T10:38:52","date_gmt":"2025-10-31T08:38:52","guid":{"rendered":"https:\/\/bisbalpenedes.com\/web\/?p=35112"},"modified":"2025-11-06T17:38:34","modified_gmt":"2025-11-06T15:38:34","slug":"el-16-de-novembre-podreu-gaudir-de-lobra-el-pobre-viudo-de-santiago-rusinol-a-la-societat","status":"publish","type":"post","link":"https:\/\/bisbalpenedes.com\/web\/2025\/10\/31\/el-16-de-novembre-podreu-gaudir-de-lobra-el-pobre-viudo-de-santiago-rusinol-a-la-societat\/","title":{"rendered":"El 16 de novembre podreu gaudir de l&#8217;obra &#8220;El pobre viudo&#8221; de Santiago Rusi\u00f1ol a la Societat"},"content":{"rendered":"\n<p>El diumenge 16 de novembre, en el marc de la &#8220;Mostra de teatre del Baix Pened\u00e8s&#8221; de la Cotebap, podreu gaudir de la representaci\u00f3 de la com\u00e8dia &#8220;Pobre viudo&#8221; de Santiago Rusi\u00f1ol, a c\u00e0rrec de l&#8217;Elenc art\u00edstic arbocenc, a la Societat.<br><br>Es tracta d&#8217;una obra que aborda el dol en clau d&#8217;humor, amb tendresa i ironia, endinsant-se en la hipocresia i les motivacions ocultes dels personatges.<\/p>\n\n\n\n<hr class=\"wp-block-separator has-alpha-channel-opacity\"\/>\n\n\n\n<p>El domingo 16 de noviembre, en el marco de la &#8220;Mostra de teatre del Baix Pened\u00e8s&#8221; de la Cotebap, podr\u00e9is disfrutar de la representaci\u00f3n de la comedia &#8220;Pobre viudo&#8221; de Santiago Rusi\u00f1ol a cargo del Elenc art\u00edstic arbocenc, en la Societat.<\/p>\n\n\n\n<p>Se trata de una obra que aborda el duelo en clave de humor, con ternura e iron\u00eda, adentr\u00e1ndose en la hipocres\u00eda y las motivaciones ocultas de los personajes.<\/p>\n\n\n\n<p><\/p>\n","protected":false},"excerpt":{"rendered":"<p>El diumenge 16 de novembre, en el marc de la &#8220;Mostra de teatre del Baix Pened\u00e8s&#8221; de la Cotebap, podreu gaudir de la representaci\u00f3 de la com\u00e8dia &#8220;Pobre viudo&#8221; de &hellip; <a href=\"https:\/\/bisbalpenedes.com\/web\/2025\/10\/31\/el-16-de-novembre-podreu-gaudir-de-lobra-el-pobre-viudo-de-santiago-rusinol-a-la-societat\/\" class=\"more-link\">Read More<\/a><\/p>\n","protected":false},"author":4,"featured_media":35181,"comment_status":"closed","ping_status":"closed","sticky":false,"template":"","format":"standard","meta":[],"categories":[2942,13,20,8],"tags":[459,7219,393,300,7218,2776,285],"_links":{"self":[{"href":"https:\/\/bisbalpenedes.com\/web\/wp-json\/wp\/v2\/posts\/35112"}],"collection":[{"href":"https:\/\/bisbalpenedes.com\/web\/wp-json\/wp\/v2\/posts"}],"about":[{"href":"https:\/\/bisbalpenedes.com\/web\/wp-json\/wp\/v2\/types\/post"}],"author":[{"embeddable":true,"href":"https:\/\/bisbalpenedes.com\/web\/wp-json\/wp\/v2\/users\/4"}],"replies":[{"embeddable":true,"href":"https:\/\/bisbalpenedes.com\/web\/wp-json\/wp\/v2\/comments?post=35112"}],"version-history":[{"count":4,"href":"https:\/\/bisbalpenedes.com\/web\/wp-json\/wp\/v2\/posts\/35112\/revisions"}],"predecessor-version":[{"id":35185,"href":"https:\/\/bisbalpenedes.com\/web\/wp-json\/wp\/v2\/posts\/35112\/revisions\/35185"}],"wp:featuredmedia":[{"embeddable":true,"href":"https:\/\/bisbalpenedes.com\/web\/wp-json\/wp\/v2\/media\/35181"}],"wp:attachment":[{"href":"https:\/\/bisbalpenedes.com\/web\/wp-json\/wp\/v2\/media?parent=35112"}],"wp:term":[{"taxonomy":"category","embeddable":true,"href":"https:\/\/bisbalpenedes.com\/web\/wp-json\/wp\/v2\/categories?post=35112"},{"taxonomy":"post_tag","embeddable":true,"href":"https:\/\/bisbalpenedes.com\/web\/wp-json\/wp\/v2\/tags?post=35112"}],"curies":[{"name":"wp","href":"https:\/\/api.w.org\/{rel}","templated":true}]}}