{"id":35085,"date":"2025-10-27T15:31:21","date_gmt":"2025-10-27T13:31:21","guid":{"rendered":"https:\/\/bisbalpenedes.com\/web\/?p=35085"},"modified":"2025-10-27T15:31:21","modified_gmt":"2025-10-27T13:31:21","slug":"el-dimecres-5-de-novembre-a-les-19h-lauditori-salba-acollira-lespectacle-musica-vines-un-pianista-entre-dos-mons","status":"publish","type":"post","link":"https:\/\/bisbalpenedes.com\/web\/2025\/10\/27\/el-dimecres-5-de-novembre-a-les-19h-lauditori-salba-acollira-lespectacle-musica-vines-un-pianista-entre-dos-mons\/","title":{"rendered":"El dimecres 5 de novembre a les 19h l&#8217;auditori Salb\u00e0 acollir\u00e0 l&#8217;espectacle &#8216;M\u00fasica, Vi\u00f1es! Un pianista entre dos mons&#8217;"},"content":{"rendered":"\n<p>El pr\u00f2xim dimecres 5 de novembre, a les 19h, l&#8217;auditori Salb\u00e0 del Centre Municipal de Cultura acollir\u00e0 l&#8217;espectacle musical <em>M\u00fasica, Vi\u00f1es! Un pianista entre dos mons.<\/em> Es tracta d&#8217;un espectacle musical apte per a tots els p\u00fablics que recrea la vida de Ricard Vi\u00f1es en el marc de la commemoraci\u00f3 dels 150 anys del naixement del pianista lleidat\u00e0. L&#8217;espectacle anir\u00e0 a c\u00e0rrec de Francesc Mora, Marc Garcia, Ursula Garrido i Arnau Armengol. La dramat\u00fargia i la direcci\u00f3 han anat a c\u00e0rrec de Jordi Folck.<\/p>\n\n\n\n<hr class=\"wp-block-separator has-alpha-channel-opacity\"\/>\n\n\n\n<p>El pr\u00f3ximo mi\u00e9rcoles 5 de noviembre, a las 19h, el auditorio Salb\u00e0 del Centre Municipal de Cultura acoger\u00e1 el espect\u00e1culo musical <em>M\u00fasica, Vi\u00f1es! Un pianista entre dos mons.<\/em> Se trata de un espect\u00e1culo musical apto para todos los p\u00fablicos que recrea la vida de Ricard Vi\u00f1es en el marco de la conmemoraci\u00f3n de los 150 a\u00f1os del nacimiento del pianista de Lleida. El espect\u00e1culo ir\u00e1 a cargo de Francesc Mora, Marc Garcia, Ursula Garrido y Arnau Armengol. La dramaturgia y la direcci\u00f3n han ido a cargo de Jordi Folck.<\/p>\n","protected":false},"excerpt":{"rendered":"<p>El pr\u00f2xim dimecres 5 de novembre, a les 19h, l&#8217;auditori Salb\u00e0 del Centre Municipal de Cultura acollir\u00e0 l&#8217;espectacle musical M\u00fasica, Vi\u00f1es! Un pianista entre dos mons. Es tracta d&#8217;un espectacle &hellip; <a href=\"https:\/\/bisbalpenedes.com\/web\/2025\/10\/27\/el-dimecres-5-de-novembre-a-les-19h-lauditori-salba-acollira-lespectacle-musica-vines-un-pianista-entre-dos-mons\/\" class=\"more-link\">Read More<\/a><\/p>\n","protected":false},"author":4,"featured_media":35083,"comment_status":"closed","ping_status":"closed","sticky":false,"template":"","format":"standard","meta":[],"categories":[2478,13],"tags":[459,393,7212,1374,7209,7210],"_links":{"self":[{"href":"https:\/\/bisbalpenedes.com\/web\/wp-json\/wp\/v2\/posts\/35085"}],"collection":[{"href":"https:\/\/bisbalpenedes.com\/web\/wp-json\/wp\/v2\/posts"}],"about":[{"href":"https:\/\/bisbalpenedes.com\/web\/wp-json\/wp\/v2\/types\/post"}],"author":[{"embeddable":true,"href":"https:\/\/bisbalpenedes.com\/web\/wp-json\/wp\/v2\/users\/4"}],"replies":[{"embeddable":true,"href":"https:\/\/bisbalpenedes.com\/web\/wp-json\/wp\/v2\/comments?post=35085"}],"version-history":[{"count":1,"href":"https:\/\/bisbalpenedes.com\/web\/wp-json\/wp\/v2\/posts\/35085\/revisions"}],"predecessor-version":[{"id":35086,"href":"https:\/\/bisbalpenedes.com\/web\/wp-json\/wp\/v2\/posts\/35085\/revisions\/35086"}],"wp:featuredmedia":[{"embeddable":true,"href":"https:\/\/bisbalpenedes.com\/web\/wp-json\/wp\/v2\/media\/35083"}],"wp:attachment":[{"href":"https:\/\/bisbalpenedes.com\/web\/wp-json\/wp\/v2\/media?parent=35085"}],"wp:term":[{"taxonomy":"category","embeddable":true,"href":"https:\/\/bisbalpenedes.com\/web\/wp-json\/wp\/v2\/categories?post=35085"},{"taxonomy":"post_tag","embeddable":true,"href":"https:\/\/bisbalpenedes.com\/web\/wp-json\/wp\/v2\/tags?post=35085"}],"curies":[{"name":"wp","href":"https:\/\/api.w.org\/{rel}","templated":true}]}}