{"id":35022,"date":"2025-10-27T10:45:29","date_gmt":"2025-10-27T08:45:29","guid":{"rendered":"https:\/\/bisbalpenedes.com\/web\/?p=35022"},"modified":"2025-10-27T10:45:29","modified_gmt":"2025-10-27T08:45:29","slug":"aquesta-setmana-es-duen-a-terme-tractaments-aeris-de-control-de-la-processionaria-del-pi","status":"publish","type":"post","link":"https:\/\/bisbalpenedes.com\/web\/2025\/10\/27\/aquesta-setmana-es-duen-a-terme-tractaments-aeris-de-control-de-la-processionaria-del-pi\/","title":{"rendered":"Aquesta setmana es duen a terme tractaments aeris de control de la procession\u00e0ria del pi"},"content":{"rendered":"\n<p>Segons ens han informat des del Departament d\u2019Acci\u00f3 Clim\u00e0tica, Alimentaci\u00f3 i Agenda Rural de la Generalitat de Catalunya, durant aquesta setmana es duran a terme tractaments aeris de la campanya de control de la procession\u00e0ria del pi de l\u2019any 2025 a la Bisbal del Pened\u00e8s.<\/p>\n\n\n\n<p>El tractament es far\u00e0 amb Bacillus thuringiensis, un producte biol\u00f2gic, de baixa persist\u00e8ncia a ultra baix volum (3l\/ha).<\/p>\n\n\n\n<hr class=\"wp-block-separator has-alpha-channel-opacity\"\/>\n\n\n\n<p>Seg\u00fan nos han informado desde el Departament d\u2019Acci\u00f3 Clim\u00e0tica, Alimentaci\u00f3 i Agenda Rural de la Generalitat de Catalunya, durante esta semana se llevar\u00e1n a cabo tratamientos a\u00e9reos de la campa\u00f1a de control de la procesionaria del pino del a\u00f1o 2025 en la Bisbal del Pened\u00e8s.<\/p>\n\n\n\n<p>El tratamiento se har\u00e1 con Bacillus thuringiensis, un producto biol\u00f3gico, de baja persistencia en ultrabajo volumen (3l\/ha).<\/p>\n\n\n\n<figure class=\"wp-block-image size-large\"><img loading=\"lazy\" width=\"819\" height=\"1024\" src=\"https:\/\/bisbalpenedes.com\/web\/wp-content\/uploads\/2025\/10\/TRACTAMENT-PROCESSIONARIA-GENCAT-2025-1-819x1024.jpg\" alt=\"\" class=\"wp-image-35025\" srcset=\"https:\/\/bisbalpenedes.com\/web\/wp-content\/uploads\/2025\/10\/TRACTAMENT-PROCESSIONARIA-GENCAT-2025-1-819x1024.jpg 819w, https:\/\/bisbalpenedes.com\/web\/wp-content\/uploads\/2025\/10\/TRACTAMENT-PROCESSIONARIA-GENCAT-2025-1-240x300.jpg 240w, https:\/\/bisbalpenedes.com\/web\/wp-content\/uploads\/2025\/10\/TRACTAMENT-PROCESSIONARIA-GENCAT-2025-1-768x960.jpg 768w, https:\/\/bisbalpenedes.com\/web\/wp-content\/uploads\/2025\/10\/TRACTAMENT-PROCESSIONARIA-GENCAT-2025-1-600x750.jpg 600w, https:\/\/bisbalpenedes.com\/web\/wp-content\/uploads\/2025\/10\/TRACTAMENT-PROCESSIONARIA-GENCAT-2025-1.jpg 1080w\" sizes=\"(max-width: 819px) 100vw, 819px\" \/><\/figure>\n","protected":false},"excerpt":{"rendered":"<p>Segons ens han informat des del Departament d\u2019Acci\u00f3 Clim\u00e0tica, Alimentaci\u00f3 i Agenda Rural de la Generalitat de Catalunya, durant aquesta setmana es duran a terme tractaments aeris de la campanya &hellip; <a href=\"https:\/\/bisbalpenedes.com\/web\/2025\/10\/27\/aquesta-setmana-es-duen-a-terme-tractaments-aeris-de-control-de-la-processionaria-del-pi\/\" class=\"more-link\">Read More<\/a><\/p>\n","protected":false},"author":4,"featured_media":35024,"comment_status":"closed","ping_status":"closed","sticky":false,"template":"","format":"standard","meta":[],"categories":[8,14],"tags":[393,5637],"_links":{"self":[{"href":"https:\/\/bisbalpenedes.com\/web\/wp-json\/wp\/v2\/posts\/35022"}],"collection":[{"href":"https:\/\/bisbalpenedes.com\/web\/wp-json\/wp\/v2\/posts"}],"about":[{"href":"https:\/\/bisbalpenedes.com\/web\/wp-json\/wp\/v2\/types\/post"}],"author":[{"embeddable":true,"href":"https:\/\/bisbalpenedes.com\/web\/wp-json\/wp\/v2\/users\/4"}],"replies":[{"embeddable":true,"href":"https:\/\/bisbalpenedes.com\/web\/wp-json\/wp\/v2\/comments?post=35022"}],"version-history":[{"count":1,"href":"https:\/\/bisbalpenedes.com\/web\/wp-json\/wp\/v2\/posts\/35022\/revisions"}],"predecessor-version":[{"id":35026,"href":"https:\/\/bisbalpenedes.com\/web\/wp-json\/wp\/v2\/posts\/35022\/revisions\/35026"}],"wp:featuredmedia":[{"embeddable":true,"href":"https:\/\/bisbalpenedes.com\/web\/wp-json\/wp\/v2\/media\/35024"}],"wp:attachment":[{"href":"https:\/\/bisbalpenedes.com\/web\/wp-json\/wp\/v2\/media?parent=35022"}],"wp:term":[{"taxonomy":"category","embeddable":true,"href":"https:\/\/bisbalpenedes.com\/web\/wp-json\/wp\/v2\/categories?post=35022"},{"taxonomy":"post_tag","embeddable":true,"href":"https:\/\/bisbalpenedes.com\/web\/wp-json\/wp\/v2\/tags?post=35022"}],"curies":[{"name":"wp","href":"https:\/\/api.w.org\/{rel}","templated":true}]}}