{"id":3502,"date":"2017-10-02T14:48:01","date_gmt":"2017-10-02T08:48:01","guid":{"rendered":"http:\/\/bisbalpenedes.com\/web\/?p=3502"},"modified":"2017-10-02T14:50:23","modified_gmt":"2017-10-02T08:50:23","slug":"el-dia-9-doctubre-es-posen-en-marxa-les-modificacions-als-horaris-del-bus-urba","status":"publish","type":"post","link":"https:\/\/bisbalpenedes.com\/web\/2017\/10\/02\/el-dia-9-doctubre-es-posen-en-marxa-les-modificacions-als-horaris-del-bus-urba\/","title":{"rendered":"El dia 9 d&#8217;octubre es posen en marxa les modificacions dels horaris del bus urb\u00e0"},"content":{"rendered":"<p><span style=\"color: #000000;\">La Regidoria d&#8217;Educaci\u00f3 de l&#8217;Ajuntament de La Bisbal del Pened\u00e8s ha modificat els horaris del bus urb\u00e0 amb la finalitat d&#8217;atendre les necessitats de transport dels bisbalencs i bisbalenques.<\/span><\/p>\n<p><span style=\"color: #000000;\">A partir del dia 9 d&#8217;octubre hi haur\u00e0 noves connexions amb els busos intermunicipals i una cobertura m\u00e9s gran per anar al centre m\u00e8dic (en groc veureu les connexions amb Autocars Poch i en blau l&#8217;enlla\u00e7 amb Monbus). D&#8217;altra banda, amb la nova proposta els alumnes de l&#8217;institut arribaran al centre a les 7.55h i no a les 7.38h com estava previst a l&#8217;horari anterior.<\/span><\/p>\n<hr \/>\n<p><span style=\"color: #000000;\">La Regidoria d&#8217;Educaci\u00f3 del Ayuntamiento de La Bisbal del Pened\u00e8s ha modificado los horarios del bus urbano con la finalidad de atender las necesidades de transporte de los bisbalencs y las bisbalenques.<\/span><\/p>\n<p><span style=\"color: #000000;\">A partir del d\u00eda 9 de octubre habr\u00e1 nuevas conexiones con los buses intermunicipales y una cobertura m\u00e1s grande para ir al centro m\u00e9dico (en amarillo ver\u00e9is las conexiones con Autocares Poch i en azul el enlace\u00a0con Monbus). Por otra parte, con la nueva propuesta los alumnos del instituto llegar\u00e1n al centro a las 7.55h y no a las 7.38h c\u00f3mo estaba previsto en el horario anterior.<\/span><\/p>\n<p><a href=\"http:\/\/bisbalpenedes.com\/web\/wp-content\/uploads\/2017\/10\/LA_BISBAL_Horari-Bus.jpg\"><img loading=\"lazy\" class=\"aligncenter size-large wp-image-3503\" src=\"http:\/\/bisbalpenedes.com\/web\/wp-content\/uploads\/2017\/10\/LA_BISBAL_Horari-Bus-724x1024.jpg\" alt=\"LA_BISBAL_Horari Bus\" width=\"630\" height=\"891\" srcset=\"https:\/\/bisbalpenedes.com\/web\/wp-content\/uploads\/2017\/10\/LA_BISBAL_Horari-Bus-724x1024.jpg 724w, https:\/\/bisbalpenedes.com\/web\/wp-content\/uploads\/2017\/10\/LA_BISBAL_Horari-Bus-600x848.jpg 600w, https:\/\/bisbalpenedes.com\/web\/wp-content\/uploads\/2017\/10\/LA_BISBAL_Horari-Bus-212x300.jpg 212w, https:\/\/bisbalpenedes.com\/web\/wp-content\/uploads\/2017\/10\/LA_BISBAL_Horari-Bus-768x1086.jpg 768w, https:\/\/bisbalpenedes.com\/web\/wp-content\/uploads\/2017\/10\/LA_BISBAL_Horari-Bus.jpg 1654w\" sizes=\"(max-width: 630px) 100vw, 630px\" \/><\/a><\/p>\n<p>&nbsp;<\/p>\n","protected":false},"excerpt":{"rendered":"<p>La Regidoria d&#8217;Educaci\u00f3 de l&#8217;Ajuntament de La Bisbal del Pened\u00e8s ha modificat els horaris del bus urb\u00e0 amb la finalitat d&#8217;atendre les necessitats de transport dels bisbalencs i bisbalenques. A &hellip; <a href=\"https:\/\/bisbalpenedes.com\/web\/2017\/10\/02\/el-dia-9-doctubre-es-posen-en-marxa-les-modificacions-als-horaris-del-bus-urba\/\" class=\"more-link\">Read More<\/a><\/p>\n","protected":false},"author":4,"featured_media":3503,"comment_status":"closed","ping_status":"closed","sticky":false,"template":"","format":"standard","meta":[],"categories":[16],"tags":[788,821,822,786,784,823,825,824],"_links":{"self":[{"href":"https:\/\/bisbalpenedes.com\/web\/wp-json\/wp\/v2\/posts\/3502"}],"collection":[{"href":"https:\/\/bisbalpenedes.com\/web\/wp-json\/wp\/v2\/posts"}],"about":[{"href":"https:\/\/bisbalpenedes.com\/web\/wp-json\/wp\/v2\/types\/post"}],"author":[{"embeddable":true,"href":"https:\/\/bisbalpenedes.com\/web\/wp-json\/wp\/v2\/users\/4"}],"replies":[{"embeddable":true,"href":"https:\/\/bisbalpenedes.com\/web\/wp-json\/wp\/v2\/comments?post=3502"}],"version-history":[{"count":3,"href":"https:\/\/bisbalpenedes.com\/web\/wp-json\/wp\/v2\/posts\/3502\/revisions"}],"predecessor-version":[{"id":3506,"href":"https:\/\/bisbalpenedes.com\/web\/wp-json\/wp\/v2\/posts\/3502\/revisions\/3506"}],"wp:featuredmedia":[{"embeddable":true,"href":"https:\/\/bisbalpenedes.com\/web\/wp-json\/wp\/v2\/media\/3503"}],"wp:attachment":[{"href":"https:\/\/bisbalpenedes.com\/web\/wp-json\/wp\/v2\/media?parent=3502"}],"wp:term":[{"taxonomy":"category","embeddable":true,"href":"https:\/\/bisbalpenedes.com\/web\/wp-json\/wp\/v2\/categories?post=3502"},{"taxonomy":"post_tag","embeddable":true,"href":"https:\/\/bisbalpenedes.com\/web\/wp-json\/wp\/v2\/tags?post=3502"}],"curies":[{"name":"wp","href":"https:\/\/api.w.org\/{rel}","templated":true}]}}