{"id":35014,"date":"2025-10-23T18:09:13","date_gmt":"2025-10-23T16:09:13","guid":{"rendered":"https:\/\/bisbalpenedes.com\/web\/?p=35014"},"modified":"2025-10-23T18:09:13","modified_gmt":"2025-10-23T16:09:13","slug":"saprova-la-primera-prorroga-de-la-contractacio-dels-llums-de-nadal","status":"publish","type":"post","link":"https:\/\/bisbalpenedes.com\/web\/2025\/10\/23\/saprova-la-primera-prorroga-de-la-contractacio-dels-llums-de-nadal\/","title":{"rendered":"<strong>S\u2019aprova la primera pr\u00f2rroga de la contractaci\u00f3 dels llums de Nadal<\/strong>"},"content":{"rendered":"\n<p>La Junta de Govern del 6 d\u2019octubre va aprovar, a petici\u00f3 de la Regidoria de Festes, la primera pr\u00f2rroga del contracte de subministrament, instal\u00b7laci\u00f3, manteniment i desmuntatge d\u2019elements decoratius lluminosos per a les festes de Nadal amb l\u2019empresa Group Innion Lighting S.L. per un import de 16.879,50\u20ac (IVA incl\u00f2s) anuals.<\/p>\n\n\n\n<p>El contracte amb l\u2019empresa Group Innion Lighting S.L. es va adjudicar el novembre del 2024 i inclou la possibilitat de pr\u00f2rrogues fins a un m\u00e0xim de tres anualitats.<\/p>\n\n\n\n<hr class=\"wp-block-separator has-alpha-channel-opacity\"\/>\n\n\n\n<p>La Junta de Gobierno del 6 de octubre aprob\u00f3, a petici\u00f3n de la Concejal\u00eda de Fiestas, la primera pr\u00f3rroga del contrato de suministro, instalaci\u00f3n, mantenimiento y desmontaje de elementos decorativos luminosos para las fiestas de Navidad con la empresa Group Innion Lighting S.L. por un importe de 16.879,50\u20ac (IVA incluido) anuales.<\/p>\n\n\n\n<p>El contrato con la empresa Group Innion Lighting S.L. se adjudic\u00f3 en noviembre del 2024 e incluye la posibilidad de pr\u00f3rrogas hasta un m\u00e1ximo de tres anualidades.<\/p>\n","protected":false},"excerpt":{"rendered":"<p>La Junta de Govern del 6 d\u2019octubre va aprovar, a petici\u00f3 de la Regidoria de Festes, la primera pr\u00f2rroga del contracte de subministrament, instal\u00b7laci\u00f3, manteniment i desmuntatge d\u2019elements decoratius lluminosos &hellip; <a href=\"https:\/\/bisbalpenedes.com\/web\/2025\/10\/23\/saprova-la-primera-prorroga-de-la-contractacio-dels-llums-de-nadal\/\" class=\"more-link\">Read More<\/a><\/p>\n","protected":false},"author":4,"featured_media":35015,"comment_status":"closed","ping_status":"closed","sticky":false,"template":"","format":"standard","meta":[],"categories":[4668,3085,8],"tags":[393,2638,95,1374],"_links":{"self":[{"href":"https:\/\/bisbalpenedes.com\/web\/wp-json\/wp\/v2\/posts\/35014"}],"collection":[{"href":"https:\/\/bisbalpenedes.com\/web\/wp-json\/wp\/v2\/posts"}],"about":[{"href":"https:\/\/bisbalpenedes.com\/web\/wp-json\/wp\/v2\/types\/post"}],"author":[{"embeddable":true,"href":"https:\/\/bisbalpenedes.com\/web\/wp-json\/wp\/v2\/users\/4"}],"replies":[{"embeddable":true,"href":"https:\/\/bisbalpenedes.com\/web\/wp-json\/wp\/v2\/comments?post=35014"}],"version-history":[{"count":1,"href":"https:\/\/bisbalpenedes.com\/web\/wp-json\/wp\/v2\/posts\/35014\/revisions"}],"predecessor-version":[{"id":35016,"href":"https:\/\/bisbalpenedes.com\/web\/wp-json\/wp\/v2\/posts\/35014\/revisions\/35016"}],"wp:featuredmedia":[{"embeddable":true,"href":"https:\/\/bisbalpenedes.com\/web\/wp-json\/wp\/v2\/media\/35015"}],"wp:attachment":[{"href":"https:\/\/bisbalpenedes.com\/web\/wp-json\/wp\/v2\/media?parent=35014"}],"wp:term":[{"taxonomy":"category","embeddable":true,"href":"https:\/\/bisbalpenedes.com\/web\/wp-json\/wp\/v2\/categories?post=35014"},{"taxonomy":"post_tag","embeddable":true,"href":"https:\/\/bisbalpenedes.com\/web\/wp-json\/wp\/v2\/tags?post=35014"}],"curies":[{"name":"wp","href":"https:\/\/api.w.org\/{rel}","templated":true}]}}