{"id":35002,"date":"2025-10-22T19:34:59","date_gmt":"2025-10-22T17:34:59","guid":{"rendered":"https:\/\/bisbalpenedes.com\/web\/?p=35002"},"modified":"2025-10-22T19:34:59","modified_gmt":"2025-10-22T17:34:59","slug":"proximament-sinstallara-una-area-demergencia-al-punt-verd","status":"publish","type":"post","link":"https:\/\/bisbalpenedes.com\/web\/2025\/10\/22\/proximament-sinstallara-una-area-demergencia-al-punt-verd\/","title":{"rendered":"Pr\u00f2ximament s&#8217;instal\u00b7lar\u00e0 una \u00e0rea d&#8217;emerg\u00e8ncia al Punt Verd"},"content":{"rendered":"\n<p>La Regidoria de Gesti\u00f3 de Residus Urbans us informa que pr\u00f2ximament s&#8217;instal\u00b7lar\u00e0 una \u00e0rea d&#8217;emerg\u00e8ncia al Punt Verd, en el marc del contracte de r<a><\/a>ecollida de residus urbans.<\/p>\n\n\n\n<p>Les \u00e0rees d&#8217;emerg\u00e8ncia estan pensades per a aquelles persones que no poden utilitzar els horaris de la recollida porta a porta.<\/p>\n\n\n\n<p>Us recordem que l\u2019horari del Punt Verd \u00e9s de dilluns a divendres de 9h a 13h i de 15h a 18h i els dissabtes de 9h a 12h i de 15h a 17h.<\/p>\n\n\n\n<hr class=\"wp-block-separator has-alpha-channel-opacity\"\/>\n\n\n\n<p>La Concejal\u00eda de Gesti\u00f3n de Residuos Urbanos os informa que pr\u00f3ximamente se instalar\u00e1 una \u00e1rea de emergencia en el Punt Verd, en el marco del contrato de recogida de residuos urbanos.<\/p>\n\n\n\n<p>Las \u00e1reas de emergencia est\u00e1n pensadas para aquellas personas que no pueden utilizar los horarios de la recogida puerta a puerta.<\/p>\n\n\n\n<p>Os recordamos que el horario del Punt Verd es de lunes a viernes de 9h a 13h y de 15h a 18h y los s\u00e1bados de 9h a 12h y de 15h a 17h.<\/p>\n\n\n\n<p><img loading=\"lazy\" height=\"16\" width=\"16\" alt=\"\ud83d\udcf8\" src=\"https:\/\/static.xx.fbcdn.net\/images\/emoji.php\/v9\/t7d\/2\/16\/1f4f8.png\"> Imatge de recurs d&#8217;una \u00e0rea d&#8217;emerg\u00e8ncia<\/p>\n","protected":false},"excerpt":{"rendered":"<p>La Regidoria de Gesti\u00f3 de Residus Urbans us informa que pr\u00f2ximament s&#8217;instal\u00b7lar\u00e0 una \u00e0rea d&#8217;emerg\u00e8ncia al Punt Verd, en el marc del contracte de recollida de residus urbans. Les \u00e0rees &hellip; <a href=\"https:\/\/bisbalpenedes.com\/web\/2025\/10\/22\/proximament-sinstallara-una-area-demergencia-al-punt-verd\/\" class=\"more-link\">Read More<\/a><\/p>\n","protected":false},"author":4,"featured_media":35003,"comment_status":"closed","ping_status":"closed","sticky":false,"template":"","format":"standard","meta":[],"categories":[3215,8],"tags":[7206,393],"_links":{"self":[{"href":"https:\/\/bisbalpenedes.com\/web\/wp-json\/wp\/v2\/posts\/35002"}],"collection":[{"href":"https:\/\/bisbalpenedes.com\/web\/wp-json\/wp\/v2\/posts"}],"about":[{"href":"https:\/\/bisbalpenedes.com\/web\/wp-json\/wp\/v2\/types\/post"}],"author":[{"embeddable":true,"href":"https:\/\/bisbalpenedes.com\/web\/wp-json\/wp\/v2\/users\/4"}],"replies":[{"embeddable":true,"href":"https:\/\/bisbalpenedes.com\/web\/wp-json\/wp\/v2\/comments?post=35002"}],"version-history":[{"count":1,"href":"https:\/\/bisbalpenedes.com\/web\/wp-json\/wp\/v2\/posts\/35002\/revisions"}],"predecessor-version":[{"id":35004,"href":"https:\/\/bisbalpenedes.com\/web\/wp-json\/wp\/v2\/posts\/35002\/revisions\/35004"}],"wp:featuredmedia":[{"embeddable":true,"href":"https:\/\/bisbalpenedes.com\/web\/wp-json\/wp\/v2\/media\/35003"}],"wp:attachment":[{"href":"https:\/\/bisbalpenedes.com\/web\/wp-json\/wp\/v2\/media?parent=35002"}],"wp:term":[{"taxonomy":"category","embeddable":true,"href":"https:\/\/bisbalpenedes.com\/web\/wp-json\/wp\/v2\/categories?post=35002"},{"taxonomy":"post_tag","embeddable":true,"href":"https:\/\/bisbalpenedes.com\/web\/wp-json\/wp\/v2\/tags?post=35002"}],"curies":[{"name":"wp","href":"https:\/\/api.w.org\/{rel}","templated":true}]}}