{"id":34999,"date":"2025-10-22T07:55:02","date_gmt":"2025-10-22T05:55:02","guid":{"rendered":"https:\/\/bisbalpenedes.com\/web\/?p=34999"},"modified":"2025-10-22T07:55:02","modified_gmt":"2025-10-22T05:55:02","slug":"aquest-diumenge-es-projectara-la-sopa-de-pedres-i-altres-contes-capgirats-a-la-societat-en-el-marc-del-cicle-cinexic","status":"publish","type":"post","link":"https:\/\/bisbalpenedes.com\/web\/2025\/10\/22\/aquest-diumenge-es-projectara-la-sopa-de-pedres-i-altres-contes-capgirats-a-la-societat-en-el-marc-del-cicle-cinexic\/","title":{"rendered":"Aquest diumenge es projectar\u00e0 &#8220;La sopa de pedres i altres contes capgirats&#8221; a la Societat en el marc del cicle Cinexic"},"content":{"rendered":"\n<p>El diumenge 26 d&#8217;octubre, a les 18h, la Societat acollir\u00e0 la projecci\u00f3 de &#8220;La sopa de pedres i altres contes capgirats&#8221; en el marc del cicle CineXic d&#8217;\u00d2mnium Cultural. La pel\u00b7l\u00edcula est\u00e0 recomanada per a infants d&#8217;a partir de 3 anys.<\/p>\n\n\n\n<hr class=\"wp-block-separator has-alpha-channel-opacity\"\/>\n\n\n\n<p>El domingo 26 de octubre, a las 18h, la Societat acoger\u00e1 la proyecci\u00f3n de &#8220;La sopa de pedres y altres contes capgirats&#8221; en el marco del cicle CineXic de \u00d2mnium Cultural. La pel\u00edcula est\u00e1 recomendada para ni\u00f1os y ni\u00f1as de a partir de 3 a\u00f1os.<\/p>\n","protected":false},"excerpt":{"rendered":"<p>El diumenge 26 d&#8217;octubre, a les 18h, la Societat acollir\u00e0 la projecci\u00f3 de &#8220;La sopa de pedres i altres contes capgirats&#8221; en el marc del cicle CineXic d&#8217;\u00d2mnium Cultural. La &hellip; <a href=\"https:\/\/bisbalpenedes.com\/web\/2025\/10\/22\/aquest-diumenge-es-projectara-la-sopa-de-pedres-i-altres-contes-capgirats-a-la-societat-en-el-marc-del-cicle-cinexic\/\" class=\"more-link\">Read More<\/a><\/p>\n","protected":false},"author":4,"featured_media":35000,"comment_status":"closed","ping_status":"closed","sticky":false,"template":"","format":"standard","meta":[],"categories":[13,20,8],"tags":[459,5527,393,300],"_links":{"self":[{"href":"https:\/\/bisbalpenedes.com\/web\/wp-json\/wp\/v2\/posts\/34999"}],"collection":[{"href":"https:\/\/bisbalpenedes.com\/web\/wp-json\/wp\/v2\/posts"}],"about":[{"href":"https:\/\/bisbalpenedes.com\/web\/wp-json\/wp\/v2\/types\/post"}],"author":[{"embeddable":true,"href":"https:\/\/bisbalpenedes.com\/web\/wp-json\/wp\/v2\/users\/4"}],"replies":[{"embeddable":true,"href":"https:\/\/bisbalpenedes.com\/web\/wp-json\/wp\/v2\/comments?post=34999"}],"version-history":[{"count":1,"href":"https:\/\/bisbalpenedes.com\/web\/wp-json\/wp\/v2\/posts\/34999\/revisions"}],"predecessor-version":[{"id":35001,"href":"https:\/\/bisbalpenedes.com\/web\/wp-json\/wp\/v2\/posts\/34999\/revisions\/35001"}],"wp:featuredmedia":[{"embeddable":true,"href":"https:\/\/bisbalpenedes.com\/web\/wp-json\/wp\/v2\/media\/35000"}],"wp:attachment":[{"href":"https:\/\/bisbalpenedes.com\/web\/wp-json\/wp\/v2\/media?parent=34999"}],"wp:term":[{"taxonomy":"category","embeddable":true,"href":"https:\/\/bisbalpenedes.com\/web\/wp-json\/wp\/v2\/categories?post=34999"},{"taxonomy":"post_tag","embeddable":true,"href":"https:\/\/bisbalpenedes.com\/web\/wp-json\/wp\/v2\/tags?post=34999"}],"curies":[{"name":"wp","href":"https:\/\/api.w.org\/{rel}","templated":true}]}}