{"id":34991,"date":"2025-10-20T17:21:24","date_gmt":"2025-10-20T15:21:24","guid":{"rendered":"https:\/\/bisbalpenedes.com\/web\/?p=34991"},"modified":"2025-10-20T17:21:24","modified_gmt":"2025-10-20T15:21:24","slug":"tornen-els-telefons-de-leva-podeu-visitar-los-al-cmc-del-21-al-31-doctubre","status":"publish","type":"post","link":"https:\/\/bisbalpenedes.com\/web\/2025\/10\/20\/tornen-els-telefons-de-leva-podeu-visitar-los-al-cmc-del-21-al-31-doctubre\/","title":{"rendered":"Tornen els tel\u00e8fons de l&#8217;EVA: podeu visitar-los al CMC del 21 al 31 d&#8217;octubre"},"content":{"rendered":"\n<p><img loading=\"lazy\" height=\"16\" width=\"16\" src=\"https:\/\/static.xx.fbcdn.net\/images\/emoji.php\/v9\/tec\/2\/16\/1f4de.png\" alt=\"\ud83d\udcde\"><img loading=\"lazy\" height=\"16\" width=\"16\" src=\"https:\/\/static.xx.fbcdn.net\/images\/emoji.php\/v9\/t75\/2\/16\/2728.png\" alt=\"\u2728\"> Tornen els tel\u00e8fons de l&#8217;Eva!<\/p>\n\n\n\n<p><a><\/a>Prepareu-vos per viure una experi\u00e8ncia \u00fanica! A partir de dem\u00e0 dimarts 21 d&#8217;octubre, el CMC acull una instal\u00b7laci\u00f3 especial que us far\u00e0 volar la imaginaci\u00f3.<\/p>\n\n\n\n<p><img loading=\"lazy\" height=\"16\" width=\"16\" alt=\"\u260e\ufe0f\" src=\"https:\/\/static.xx.fbcdn.net\/images\/emoji.php\/v9\/ta3\/2\/16\/260e.png\">Descobriu els secrets que amaguen els tel\u00e8fons de l&#8217;Eva i deixeu-vos portar per tot all\u00f2 que escolteu. Una proposta cultural diferent i m\u00e0gica que no us podeu perdre!<\/p>\n\n\n\n<p><img loading=\"lazy\" height=\"16\" width=\"16\" alt=\"\ud83d\udcc5\" src=\"https:\/\/static.xx.fbcdn.net\/images\/emoji.php\/v9\/t1d\/2\/16\/1f4c5.png\"> Del 21 al 31 d&#8217;octubre<\/p>\n\n\n\n<p><img loading=\"lazy\" height=\"16\" width=\"16\" alt=\"\ud83d\udccd\" src=\"https:\/\/static.xx.fbcdn.net\/images\/emoji.php\/v9\/tcc\/2\/16\/1f4cd.png\"> Centre Municipal de Cultura<\/p>\n\n\n\n<p><img loading=\"lazy\" height=\"16\" width=\"16\" alt=\"\ud83d\udd50\" src=\"https:\/\/static.xx.fbcdn.net\/images\/emoji.php\/v9\/t47\/2\/16\/1f550.png\"> Consulteu l&#8217;horari al cartell adjunt<\/p>\n\n\n\n<p>Veniu a escoltar&#8230; i imagineu! <img loading=\"lazy\" height=\"16\" width=\"16\" alt=\"\ud83c\udfad\" src=\"https:\/\/static.xx.fbcdn.net\/images\/emoji.php\/v9\/t4d\/2\/16\/1f3ad.png\"><img loading=\"lazy\" height=\"16\" width=\"16\" alt=\"\ud83c\udfa8\" src=\"https:\/\/static.xx.fbcdn.net\/images\/emoji.php\/v9\/t21\/2\/16\/1f3a8.png\"><\/p>\n\n\n\n<hr class=\"wp-block-separator has-alpha-channel-opacity\"\/>\n\n\n\n<p><img loading=\"lazy\" height=\"16\" width=\"16\" alt=\"\ud83d\udcde\" src=\"https:\/\/static.xx.fbcdn.net\/images\/emoji.php\/v9\/tec\/2\/16\/1f4de.png\"><img loading=\"lazy\" height=\"16\" width=\"16\" alt=\"\u2728\" src=\"https:\/\/static.xx.fbcdn.net\/images\/emoji.php\/v9\/t75\/2\/16\/2728.png\"> \u00a1Vuelven los tel\u00e9fonos de l&#8217;Eva!<\/p>\n\n\n\n<p>\u00a1Preparaos para vivir una experiencia \u00fanica! A partir de ma\u00f1ana martes 21 de octubre, el CMC acoge una instalaci\u00f3n especial que har\u00e1 volar vuestra imaginaci\u00f3n.<\/p>\n\n\n\n<p><img loading=\"lazy\" height=\"16\" width=\"16\" alt=\"\u260e\ufe0f\" src=\"https:\/\/static.xx.fbcdn.net\/images\/emoji.php\/v9\/ta3\/2\/16\/260e.png\">Descubrid los secretos que esconden los tel\u00e9fonos de l&#8217;Eva y dejaos llevar por todo aquello que escuch\u00e9is. \u00a1Una propuesta cultural diferente y m\u00e1gica que no os pod\u00e9is perder!<\/p>\n\n\n\n<p><img loading=\"lazy\" height=\"16\" width=\"16\" alt=\"\ud83d\udcc5\" src=\"https:\/\/static.xx.fbcdn.net\/images\/emoji.php\/v9\/t1d\/2\/16\/1f4c5.png\"> Del 21 al 31 de octubre<\/p>\n\n\n\n<p><img loading=\"lazy\" height=\"16\" width=\"16\" alt=\"\ud83d\udccd\" src=\"https:\/\/static.xx.fbcdn.net\/images\/emoji.php\/v9\/tcc\/2\/16\/1f4cd.png\"> Centre Municipal de Cultura<\/p>\n\n\n\n<p><img loading=\"lazy\" height=\"16\" width=\"16\" alt=\"\ud83d\udd50\" src=\"https:\/\/static.xx.fbcdn.net\/images\/emoji.php\/v9\/t47\/2\/16\/1f550.png\"> Consultad el horario en el cartel adjunto<\/p>\n\n\n\n<p>\u00a1Venid a escuchar&#8230; e imaginad! <img loading=\"lazy\" height=\"16\" width=\"16\" alt=\"\ud83c\udfad\" src=\"https:\/\/static.xx.fbcdn.net\/images\/emoji.php\/v9\/t4d\/2\/16\/1f3ad.png\"><img loading=\"lazy\" height=\"16\" width=\"16\" alt=\"\ud83c\udfa8\" src=\"https:\/\/static.xx.fbcdn.net\/images\/emoji.php\/v9\/t21\/2\/16\/1f3a8.png\"><\/p>\n","protected":false},"excerpt":{"rendered":"<p>Tornen els tel\u00e8fons de l&#8217;Eva! Prepareu-vos per viure una experi\u00e8ncia \u00fanica! A partir de dem\u00e0 dimarts 21 d&#8217;octubre, el CMC acull una instal\u00b7laci\u00f3 especial que us far\u00e0 volar la imaginaci\u00f3. &hellip; <a href=\"https:\/\/bisbalpenedes.com\/web\/2025\/10\/20\/tornen-els-telefons-de-leva-podeu-visitar-los-al-cmc-del-21-al-31-doctubre\/\" class=\"more-link\">Read More<\/a><\/p>\n","protected":false},"author":4,"featured_media":34993,"comment_status":"closed","ping_status":"closed","sticky":false,"template":"","format":"standard","meta":[],"categories":[2942,2478,13,8],"tags":[459,86,7204,393,7203],"_links":{"self":[{"href":"https:\/\/bisbalpenedes.com\/web\/wp-json\/wp\/v2\/posts\/34991"}],"collection":[{"href":"https:\/\/bisbalpenedes.com\/web\/wp-json\/wp\/v2\/posts"}],"about":[{"href":"https:\/\/bisbalpenedes.com\/web\/wp-json\/wp\/v2\/types\/post"}],"author":[{"embeddable":true,"href":"https:\/\/bisbalpenedes.com\/web\/wp-json\/wp\/v2\/users\/4"}],"replies":[{"embeddable":true,"href":"https:\/\/bisbalpenedes.com\/web\/wp-json\/wp\/v2\/comments?post=34991"}],"version-history":[{"count":1,"href":"https:\/\/bisbalpenedes.com\/web\/wp-json\/wp\/v2\/posts\/34991\/revisions"}],"predecessor-version":[{"id":34994,"href":"https:\/\/bisbalpenedes.com\/web\/wp-json\/wp\/v2\/posts\/34991\/revisions\/34994"}],"wp:featuredmedia":[{"embeddable":true,"href":"https:\/\/bisbalpenedes.com\/web\/wp-json\/wp\/v2\/media\/34993"}],"wp:attachment":[{"href":"https:\/\/bisbalpenedes.com\/web\/wp-json\/wp\/v2\/media?parent=34991"}],"wp:term":[{"taxonomy":"category","embeddable":true,"href":"https:\/\/bisbalpenedes.com\/web\/wp-json\/wp\/v2\/categories?post=34991"},{"taxonomy":"post_tag","embeddable":true,"href":"https:\/\/bisbalpenedes.com\/web\/wp-json\/wp\/v2\/tags?post=34991"}],"curies":[{"name":"wp","href":"https:\/\/api.w.org\/{rel}","templated":true}]}}