{"id":34980,"date":"2025-10-20T16:47:27","date_gmt":"2025-10-20T14:47:27","guid":{"rendered":"https:\/\/bisbalpenedes.com\/web\/?p=34980"},"modified":"2025-10-20T16:47:27","modified_gmt":"2025-10-20T14:47:27","slug":"cancer-de-mama-la-deteccio-precoc-permet-detectar-el-cancer-de-mama-en-una-etapa-molt-inicial-i-la-possibilitat-de-curacio-es-mes-alta","status":"publish","type":"post","link":"https:\/\/bisbalpenedes.com\/web\/2025\/10\/20\/cancer-de-mama-la-deteccio-precoc-permet-detectar-el-cancer-de-mama-en-una-etapa-molt-inicial-i-la-possibilitat-de-curacio-es-mes-alta\/","title":{"rendered":"C\u00e0ncer de mama: la detecci\u00f3 preco\u00e7 permet detectar el c\u00e0ncer de mama en una etapa molt inicial i la possibilitat de curaci\u00f3 \u00e9s m\u00e9s alta"},"content":{"rendered":"\n<p>Ahir 19 d\u2019octubre, va ser el Dia Mundial de la lluita contra el C\u00e0ncer de Mama i, per aquest motiu, al vespre vam il\u00b7luminar la Casa de la Vila de color rosa.<\/p>\n\n\n\n<p>La jornada t\u00e9 l\u2019objectiu de conscienciar la poblaci\u00f3 sobre la import\u00e0ncia d\u2019un diagn\u00f2stic preco\u00e7 d\u2019aquesta malaltia, per poder tenir m\u00e9s probabilitats de guanyar la lluita contra el tumor m\u00e9s freq\u00fcent en les dones d\u2019arreu del m\u00f3n.<\/p>\n\n\n\n<p>La detecci\u00f3 preco\u00e7 permet detectar el c\u00e0ncer de mama en una etapa molt inicial, quan encara no produeix mol\u00e8sties i la possibilitat de curaci\u00f3 \u00e9s m\u00e9s alta. Per aix\u00f2 \u00e9s tan important fer-se les mamografies bianuals (adjuntem el tr\u00edptic).<\/p>\n\n\n\n<p>Podeu trobar m\u00e9s informaci\u00f3 sobre aquesta jornada, la malaltia i la prevenci\u00f3, en aquest enlla\u00e7: <a href=\"https:\/\/canalsalut.gencat.cat\/ca\/salut-a-z\/c\/cancer\/deteccio-precoc\/programes\/mama\/index.html\">https:\/\/canalsalut.gencat.cat\/ca\/salut-a-z\/c\/cancer\/deteccio-precoc\/programes\/mama\/index.html<\/a><\/p>\n\n\n\n<hr class=\"wp-block-separator has-alpha-channel-opacity\"\/>\n\n\n\n<p>Ayer 19 de octubre, fue el D\u00eda Mundial de la lucha contra el C\u00e1ncer de Mama y, por este motivo, al anochecer iluminamos la fachada de la Casa de la Vila de color rosa.<\/p>\n\n\n\n<p>La jornada tiene el objetivo de concienciar a la poblaci\u00f3n sobre la importancia de un diagn\u00f3stico precoz de esta enfermedad, para poder tener m\u00e1s probabilidades de ganar la lucha contra el tumor m\u00e1s frecuente en las mujeres de todo el mundo.<\/p>\n\n\n\n<p>La detecci\u00f3n precoz permite detectar el c\u00e1ncer de mama en una etapa muy inicial, cuando todav\u00eda no produce molestias y la posibilidad de curaci\u00f3n es m\u00e1s alta. Por eso es tan importante hacerse las mamograf\u00edas bianuales (adjuntamos el tr\u00edptico).<\/p>\n\n\n\n<p>Pod\u00e9is encontrar m\u00e1s informaci\u00f3n sobre esta jornada, la enfermedad y la prevenci\u00f3n, en este enlace: <a href=\"https:\/\/canalsalut.gencat.cat\/ca\/salut-a-z\/c\/cancer\/deteccio-precoc\/programes\/mama\/index.html\">https:\/\/canalsalut.gencat.cat\/ca\/salut-a-z\/c\/cancer\/deteccio-precoc\/programes\/mama\/index.html<\/a><\/p>\n\n\n\n<figure class=\"wp-block-image size-large\"><img loading=\"lazy\" width=\"1024\" height=\"731\" src=\"https:\/\/bisbalpenedes.com\/web\/wp-content\/uploads\/2025\/10\/CANCER-MAMA-2-DIPTIC-1024x731.jpg\" alt=\"\" class=\"wp-image-34982\" srcset=\"https:\/\/bisbalpenedes.com\/web\/wp-content\/uploads\/2025\/10\/CANCER-MAMA-2-DIPTIC-1024x731.jpg 1024w, https:\/\/bisbalpenedes.com\/web\/wp-content\/uploads\/2025\/10\/CANCER-MAMA-2-DIPTIC-300x214.jpg 300w, https:\/\/bisbalpenedes.com\/web\/wp-content\/uploads\/2025\/10\/CANCER-MAMA-2-DIPTIC-768x548.jpg 768w, https:\/\/bisbalpenedes.com\/web\/wp-content\/uploads\/2025\/10\/CANCER-MAMA-2-DIPTIC-1536x1097.jpg 1536w, https:\/\/bisbalpenedes.com\/web\/wp-content\/uploads\/2025\/10\/CANCER-MAMA-2-DIPTIC-600x428.jpg 600w, https:\/\/bisbalpenedes.com\/web\/wp-content\/uploads\/2025\/10\/CANCER-MAMA-2-DIPTIC.jpg 1728w\" sizes=\"(max-width: 1024px) 100vw, 1024px\" \/><\/figure>\n\n\n\n<figure class=\"wp-block-image size-large\"><img loading=\"lazy\" width=\"1024\" height=\"718\" src=\"https:\/\/bisbalpenedes.com\/web\/wp-content\/uploads\/2025\/10\/CANCER-MAMA-1-DIPTIC-1024x718.jpg\" alt=\"\" class=\"wp-image-34983\" srcset=\"https:\/\/bisbalpenedes.com\/web\/wp-content\/uploads\/2025\/10\/CANCER-MAMA-1-DIPTIC-1024x718.jpg 1024w, https:\/\/bisbalpenedes.com\/web\/wp-content\/uploads\/2025\/10\/CANCER-MAMA-1-DIPTIC-300x210.jpg 300w, https:\/\/bisbalpenedes.com\/web\/wp-content\/uploads\/2025\/10\/CANCER-MAMA-1-DIPTIC-768x539.jpg 768w, https:\/\/bisbalpenedes.com\/web\/wp-content\/uploads\/2025\/10\/CANCER-MAMA-1-DIPTIC-1536x1078.jpg 1536w, https:\/\/bisbalpenedes.com\/web\/wp-content\/uploads\/2025\/10\/CANCER-MAMA-1-DIPTIC-600x421.jpg 600w, https:\/\/bisbalpenedes.com\/web\/wp-content\/uploads\/2025\/10\/CANCER-MAMA-1-DIPTIC.jpg 1722w\" sizes=\"(max-width: 1024px) 100vw, 1024px\" \/><\/figure>\n","protected":false},"excerpt":{"rendered":"<p>Ahir 19 d\u2019octubre, va ser el Dia Mundial de la lluita contra el C\u00e0ncer de Mama i, per aquest motiu, al vespre vam il\u00b7luminar la Casa de la Vila de &hellip; <a href=\"https:\/\/bisbalpenedes.com\/web\/2025\/10\/20\/cancer-de-mama-la-deteccio-precoc-permet-detectar-el-cancer-de-mama-en-una-etapa-molt-inicial-i-la-possibilitat-de-curacio-es-mes-alta\/\" class=\"more-link\">Read More<\/a><\/p>\n","protected":false},"author":4,"featured_media":34984,"comment_status":"closed","ping_status":"closed","sticky":false,"template":"","format":"standard","meta":[],"categories":[8,14],"tags":[459,2651,7201,393],"_links":{"self":[{"href":"https:\/\/bisbalpenedes.com\/web\/wp-json\/wp\/v2\/posts\/34980"}],"collection":[{"href":"https:\/\/bisbalpenedes.com\/web\/wp-json\/wp\/v2\/posts"}],"about":[{"href":"https:\/\/bisbalpenedes.com\/web\/wp-json\/wp\/v2\/types\/post"}],"author":[{"embeddable":true,"href":"https:\/\/bisbalpenedes.com\/web\/wp-json\/wp\/v2\/users\/4"}],"replies":[{"embeddable":true,"href":"https:\/\/bisbalpenedes.com\/web\/wp-json\/wp\/v2\/comments?post=34980"}],"version-history":[{"count":1,"href":"https:\/\/bisbalpenedes.com\/web\/wp-json\/wp\/v2\/posts\/34980\/revisions"}],"predecessor-version":[{"id":34985,"href":"https:\/\/bisbalpenedes.com\/web\/wp-json\/wp\/v2\/posts\/34980\/revisions\/34985"}],"wp:featuredmedia":[{"embeddable":true,"href":"https:\/\/bisbalpenedes.com\/web\/wp-json\/wp\/v2\/media\/34984"}],"wp:attachment":[{"href":"https:\/\/bisbalpenedes.com\/web\/wp-json\/wp\/v2\/media?parent=34980"}],"wp:term":[{"taxonomy":"category","embeddable":true,"href":"https:\/\/bisbalpenedes.com\/web\/wp-json\/wp\/v2\/categories?post=34980"},{"taxonomy":"post_tag","embeddable":true,"href":"https:\/\/bisbalpenedes.com\/web\/wp-json\/wp\/v2\/tags?post=34980"}],"curies":[{"name":"wp","href":"https:\/\/api.w.org\/{rel}","templated":true}]}}