{"id":34974,"date":"2025-10-20T10:25:03","date_gmt":"2025-10-20T08:25:03","guid":{"rendered":"https:\/\/bisbalpenedes.com\/web\/?p=34974"},"modified":"2025-10-20T10:25:08","modified_gmt":"2025-10-20T08:25:08","slug":"la-biblioteca-publica-de-la-bisbal-dedica-el-mes-doctubre-a-la-figura-dangel-guimera","status":"publish","type":"post","link":"https:\/\/bisbalpenedes.com\/web\/2025\/10\/20\/la-biblioteca-publica-de-la-bisbal-dedica-el-mes-doctubre-a-la-figura-dangel-guimera\/","title":{"rendered":"<strong>La Biblioteca p\u00fablica de la Bisbal dedica el mes d&#8217;octubre a la figura d&#8217;\u00c0ngel Guimer\u00e0<\/strong>"},"content":{"rendered":"\n<p>La Biblioteca p\u00fablica de la Bisbal del Pened\u00e8s dedica el mes d&#8217;octubre a la figura d&#8217;\u00c0ngel Guimer\u00e0 (1845-1924) amb la programaci\u00f3 d&#8217;una exposici\u00f3 i una activitat del cicle &#8220;Balla&#8217;m un llibre&#8221; centrada en l&#8217;obra del dramaturg vendrellenc.<\/p>\n\n\n\n<p><strong>Fins al 31 d&#8217;octubre<\/strong>, el Centre Municipal de Cultura acull <strong>l&#8217;exposici\u00f3 itinerant &#8220;Volta al m\u00f3n d&#8217;\u00c0ngel Guimer\u00e0&#8221;, <\/strong>creada pel Museu de les Arts Esc\u00e8niques (MAE) de l&#8217;Institut del Teatre. La mostra es pot visitar cada tarda, de dilluns a divendres, entre les 16:30h i les 20:00h i explica i il\u00b7lustra la traject\u00f2ria internacional de l&#8217;autor per Europa, Nord-Am\u00e8rica i Am\u00e8rica Llatina, des de les estrenes a Madrid de la m\u00e0 de Mar\u00eda Guerrero i Fernando D\u00edaz de Mendoza fins a<em> Jinky\u014d<\/em>&nbsp;[Aquest m\u00f3n pols\u00f3s, 1924], una pel\u00b7l\u00edcula japonesa basada en Terra Baixa. La mostra reprodueix una selecci\u00f3 d&#8217;imatges desconegudes pel p\u00fablic general que fan refer\u00e8ncia a l\u2019impacte de l\u2019obra de Guimer\u00e0 fins a quinze pa\u00efsos diferents, tot seguint el recorregut internacional de la seva obra dram\u00e0tica de Guimer\u00e0: fotografies, programes de m\u00e0 i cartells internacionals. A m\u00e9s, aplega informaci\u00f3 sobre les adaptacions a altres formats.<\/p>\n\n\n\n<p>A m\u00e9s de l\u2019exposici\u00f3, la biblioteca acollir\u00e0 el divendres el&nbsp;<strong>24 d\u2019octubre a les 18:30h<\/strong>&nbsp; el cicle <strong>Balla\u2019m un llibre<\/strong>, un projecte de la Generalitat de Catalunya i APdC (Associaci\u00f3 Professionals de la Dansa de Catalunya) per apropar la dansa contempor\u00e0nia a les biblioteques a partir de coreografies breus inspirades en textos literaris. La biblioteca de la Bisbal acollir\u00e0 la <strong>representaci\u00f3<\/strong> de<strong> <em>He vingut, com vosaltres, del cel<\/em>, <\/strong>a c\u00e0rrec<strong> d\u2019Anna Macau<\/strong>. Una&nbsp; pe\u00e7a de dansa contempor\u00e0nia que proposa un recorregut per la vida i l\u2019univers de l\u2019\u00c0ngel Guimer\u00e0 a partir de la seva obra liter\u00e0ria. L\u2019execuci\u00f3 de la pe\u00e7a anir\u00e0 precedida <strong>d\u2019<em>Explica Dansa<\/em><\/strong><em>: llegir el moviment<\/em>, una confer\u00e8ncia ballada, pedag\u00f2gica i amena a c\u00e0rrec de&nbsp;<strong>Claudia Solwat, <\/strong>&nbsp;per fer entendre com la proposta&nbsp;de&nbsp;la companyia ha relacionat&nbsp;la dansa contempor\u00e0nia i la&nbsp;literatura; i acabar\u00e0 amb un col\u00b7loqui amb la companyia.&nbsp;<\/p>\n\n\n\n<hr class=\"wp-block-separator has-alpha-channel-opacity\"\/>\n\n\n\n<p><strong>La Biblioteca p\u00fablica de la Bisbal dedica el mes de octubre a la figura de \u00c0ngel Guimer\u00e0<\/strong><\/p>\n\n\n\n<p>La Biblioteca p\u00fablica de la Bisbal del Pened\u00e8s dedica el mes de octubre a la figura de \u00c0ngel Guimer\u00e0 (1845-1924) con la programaci\u00f3n de una exposici\u00f3n y una actividad del ciclo &#8220;Balla&#8217;m un llibre&#8221; centrada en la obra del dramaturgo del Vendrell.<\/p>\n\n\n\n<p><strong>Hasta el 31 de octubre,<\/strong> el Centre Municipal de Cultura acoge <strong>la exposici\u00f3n itinerante &#8220;Volta al m\u00f3n d&#8217;\u00c0ngel Guimer\u00e0&#8221;, <\/strong>creada por el Museu de les ARts Esc\u00e8niques (MAE) del Institut del Teatre. La muestra se puede visitar cada tarde, de lunes a viernes, entre las 16:30h y las 20:00h y explica e ilustra la trayectoria internacional del autor por Europa, Norteam\u00e9rica y Am\u00e9rica Latina, desde los estrenos en Madrid de la mano de Mar\u00eda Guerrero y Fernando D\u00edaz de Mendoza hasta Jinky\u014d [Este mundo polvoriento, 1924], una pel\u00edcula japonesa basada en Terra Baixa. La muestra reproduce una selecci\u00f3n de im\u00e1genes desconocidas para el p\u00fablico general que hacen referencia al impacto de la obra de Guimer\u00e0 en hasta quince pa\u00edses diferentes, siguiendo el recorrido internacional de su obra dram\u00e1tica: fotograf\u00edas, programas de mano y carteles internacionales. Adem\u00e1s, re\u00fane informaci\u00f3n sobre las adaptaciones a otros formatos.<\/p>\n\n\n\n<p>Adem\u00e1s de la exposici\u00f3n, la biblioteca acoger\u00e1 el viernes <strong>24 de octubre a las 18:30h<\/strong> el ciclo <strong>Balla&#8217;m un llibre,<\/strong> un proyecto de la Generalitat de Catalunya y APdC (Associaci\u00f3 Professionals de la Dansa de Catalunya) para acercar la danza contempor\u00e1nea a las bibliotecas a partir de coreograf\u00edas breves inspiradas en textos literarios. La biblioteca de la Bisbal acoger\u00e1 la <strong>representaci\u00f3n<\/strong> de <strong>He vingut, com vosaltres, del cel<\/strong>, a cargo de <strong>Anna Macau.<\/strong> Una pieza de danza contempor\u00e1nea que propone un recorrido por la vida y el universo de \u00c0ngel Guimer\u00e0 a partir de su obra literaria. La ejecuci\u00f3n de la pieza ir\u00e1 precedida <strong>de Explica Dansa<\/strong>: <em>leer el movimiento<\/em>, una conferencia bailada, pedag\u00f3gica y amena a cargo de <strong>Claudia Solwat<\/strong>, para hacer entender c\u00f3mo la propuesta de la compa\u00f1\u00eda ha relacionado la danza contempor\u00e1nea y la literatura; y acabar\u00e1 con un coloquio con la compa\u00f1\u00eda.<\/p>\n\n\n\n<figure class=\"wp-block-image size-large\"><img loading=\"lazy\" width=\"724\" height=\"1024\" src=\"https:\/\/bisbalpenedes.com\/web\/wp-content\/uploads\/2025\/10\/BALLAM-LLIBRE-CORREGIT-1-724x1024.png\" alt=\"\" class=\"wp-image-34948\" srcset=\"https:\/\/bisbalpenedes.com\/web\/wp-content\/uploads\/2025\/10\/BALLAM-LLIBRE-CORREGIT-1-724x1024.png 724w, https:\/\/bisbalpenedes.com\/web\/wp-content\/uploads\/2025\/10\/BALLAM-LLIBRE-CORREGIT-1-212x300.png 212w, https:\/\/bisbalpenedes.com\/web\/wp-content\/uploads\/2025\/10\/BALLAM-LLIBRE-CORREGIT-1-768x1086.png 768w, https:\/\/bisbalpenedes.com\/web\/wp-content\/uploads\/2025\/10\/BALLAM-LLIBRE-CORREGIT-1-1086x1536.png 1086w, https:\/\/bisbalpenedes.com\/web\/wp-content\/uploads\/2025\/10\/BALLAM-LLIBRE-CORREGIT-1-600x849.png 600w, https:\/\/bisbalpenedes.com\/web\/wp-content\/uploads\/2025\/10\/BALLAM-LLIBRE-CORREGIT-1.png 1414w\" sizes=\"(max-width: 724px) 100vw, 724px\" \/><\/figure>\n","protected":false},"excerpt":{"rendered":"<p>La Biblioteca p\u00fablica de la Bisbal del Pened\u00e8s dedica el mes d&#8217;octubre a la figura d&#8217;\u00c0ngel Guimer\u00e0 (1845-1924) amb la programaci\u00f3 d&#8217;una exposici\u00f3 i una activitat del cicle &#8220;Balla&#8217;m un &hellip; <a href=\"https:\/\/bisbalpenedes.com\/web\/2025\/10\/20\/la-biblioteca-publica-de-la-bisbal-dedica-el-mes-doctubre-a-la-figura-dangel-guimera\/\" class=\"more-link\">Read More<\/a><\/p>\n","protected":false},"author":4,"featured_media":34975,"comment_status":"closed","ping_status":"closed","sticky":false,"template":"","format":"standard","meta":[],"categories":[2942,13,8],"tags":[],"_links":{"self":[{"href":"https:\/\/bisbalpenedes.com\/web\/wp-json\/wp\/v2\/posts\/34974"}],"collection":[{"href":"https:\/\/bisbalpenedes.com\/web\/wp-json\/wp\/v2\/posts"}],"about":[{"href":"https:\/\/bisbalpenedes.com\/web\/wp-json\/wp\/v2\/types\/post"}],"author":[{"embeddable":true,"href":"https:\/\/bisbalpenedes.com\/web\/wp-json\/wp\/v2\/users\/4"}],"replies":[{"embeddable":true,"href":"https:\/\/bisbalpenedes.com\/web\/wp-json\/wp\/v2\/comments?post=34974"}],"version-history":[{"count":1,"href":"https:\/\/bisbalpenedes.com\/web\/wp-json\/wp\/v2\/posts\/34974\/revisions"}],"predecessor-version":[{"id":34976,"href":"https:\/\/bisbalpenedes.com\/web\/wp-json\/wp\/v2\/posts\/34974\/revisions\/34976"}],"wp:featuredmedia":[{"embeddable":true,"href":"https:\/\/bisbalpenedes.com\/web\/wp-json\/wp\/v2\/media\/34975"}],"wp:attachment":[{"href":"https:\/\/bisbalpenedes.com\/web\/wp-json\/wp\/v2\/media?parent=34974"}],"wp:term":[{"taxonomy":"category","embeddable":true,"href":"https:\/\/bisbalpenedes.com\/web\/wp-json\/wp\/v2\/categories?post=34974"},{"taxonomy":"post_tag","embeddable":true,"href":"https:\/\/bisbalpenedes.com\/web\/wp-json\/wp\/v2\/tags?post=34974"}],"curies":[{"name":"wp","href":"https:\/\/api.w.org\/{rel}","templated":true}]}}