{"id":34966,"date":"2025-10-15T09:40:21","date_gmt":"2025-10-15T07:40:21","guid":{"rendered":"https:\/\/bisbalpenedes.com\/web\/?p=34966"},"modified":"2025-10-16T10:48:37","modified_gmt":"2025-10-16T08:48:37","slug":"el-diumenge-26-doctubre-torna-el-cicle-gaudi-amb-la-pellicula-wolfgang","status":"publish","type":"post","link":"https:\/\/bisbalpenedes.com\/web\/2025\/10\/15\/el-diumenge-26-doctubre-torna-el-cicle-gaudi-amb-la-pellicula-wolfgang\/","title":{"rendered":"El dissabte 25 d&#8217;octubre podreu veure la com\u00e8dia \u2018Wolfgang\u2019 a la Bisbal en el marc del Cicle Gaud\u00ed"},"content":{"rendered":"\n<p>El dissabte 25 d&#8217;octubre, a les\u00a018h, podreu veure la pel\u00b7l\u00edcula\u00a0\u201cWolfgang\u201d\u00a0a l\u2019auditori del\u00a0CMC, en el marc del\u00a0Cicle Gaud\u00ed\u00a0de cinema catal\u00e0. La taquilla ser\u00e0 gestionada per l&#8217;Associaci\u00f3 de Dones La Roca Foradada.<\/p>\n\n\n\n<p><strong>SINOPSI<\/strong><\/p>\n\n\n\n<p>Wolfgang, un nen de deu anys amb un quocient intel\u00b7lectual de 152 i trastorn de l&#8217;espectre autista, es veu obligat a viure amb el seu pare, Carles, a qui no ha vist mai, despr\u00e9s de la sobtada mort de la seva mare.<\/p>\n\n\n\n<p>Carles afronta el repte amb ganes i voluntat, per\u00f2 Wolfgang no suporta el seu desordre ni la seva desorganitzaci\u00f3 i el considera un &#8220;baix-QI&#8221; per la seva falta d&#8217;intel\u00b7lecte. Aix\u00ed que, d&#8217;amagat, Wolfgang planeja aconseguir el seu somni: entrar a l&#8217;acad\u00e8mia de m\u00fasica Grimald de Par\u00eds, on va estudiar la seva mare.<\/p>\n\n\n\n<p><strong>FITXA T\u00c8CNICA<\/strong><\/p>\n\n\n\n<p><strong>Direcci\u00f3:<\/strong>&nbsp;Javier Ruiz Caldera<\/p>\n\n\n\n<p><strong>Productora:<\/strong>&nbsp;Telecinco Cinema S.A.U, Nostromo Pictures, S.L., Lo Vi Films, S.L., Wolfgang Pelicula, A.I.E.<\/p>\n\n\n\n<p><strong>Estrena:&nbsp;<\/strong>14 de mar\u00e7 de 2025<\/p>\n\n\n\n<p><strong>Durada:<\/strong>&nbsp;110 min.<\/p>\n\n\n\n<p><strong>Gui\u00f3:&nbsp;<\/strong>Laia Aguilar, Yago Alonso, Carmen Marf\u00e0, Valentina Viso.<\/p>\n\n\n\n<p><strong>G\u00e8nere:&nbsp;<\/strong>Com\u00e8dia<\/p>\n\n\n\n<p><strong>Qualificaci\u00f3:&nbsp;<\/strong>No recomanada per a menors de 7 anys<\/p>\n\n\n\n<p><strong>Versi\u00f3:&nbsp;<\/strong>Original en catal\u00e0 <\/p>\n\n\n\n<p><strong>Int\u00e8rprets:<\/strong>&nbsp;\u00c0ngels Gonyalons, Anna Castillo, Berto Romero, Jordi Catal\u00e1n, Miki Esparb\u00e9.<\/p>\n\n\n\n<p>Com \u00e9s habitual, el preu de l\u2019entrada ser\u00e0 de&nbsp;4,5\u20ac&nbsp;(general) i&nbsp;3\u20ac&nbsp;per als espectadors que presentin el carnet de la&nbsp;Biblioteca p\u00fablica de la Bisbal del Pened\u00e8s. Els beneficis es destinaran a l\u2019entitat que gestioni la taquilla abans de la projecci\u00f3.<\/p>\n\n\n\n<figure class=\"wp-block-embed is-type-video is-provider-youtube wp-block-embed-youtube wp-embed-aspect-16-9 wp-has-aspect-ratio\"><div class=\"wp-block-embed__wrapper\">\n<iframe loading=\"lazy\" title=\"Cicle Gaud\u00ed: &quot;Wolfgang&quot;\" width=\"1170\" height=\"658\" src=\"https:\/\/www.youtube.com\/embed\/qOqgSKi3lak?feature=oembed\" frameborder=\"0\" allow=\"accelerometer; autoplay; clipboard-write; encrypted-media; gyroscope; picture-in-picture; web-share\" referrerpolicy=\"strict-origin-when-cross-origin\" allowfullscreen><\/iframe>\n<\/div><\/figure>\n\n\n\n<hr class=\"wp-block-separator has-alpha-channel-opacity\"\/>\n\n\n\n<h2><strong>El s\u00e1bado 25 de octubre vuelve el Cicle Gaud\u00ed con la pel\u00edcula \u2018Wolfgang\u2019<\/strong><\/h2>\n\n\n\n<p>El dissabte 25 de octubre, a las 18h, podr\u00e9is ver la pel\u00edcula \u201cWolfgang\u201d en el auditorio del CMC, en el marco del Cicle Gaud\u00ed de cinema catal\u00e0. La taquilla ser\u00e1 gestionada por la Associaci\u00f3 de Dones La Roca Foradada.<\/p>\n\n\n\n<p><strong>SINOPSIS<\/strong><\/p>\n\n\n\n<p>Wolfgang, un ni\u00f1o de diez a\u00f1os con un coeficiente intelectual de 152 y trastorno del espectro autista, se ve obligado a vivir con su padre, Carles, a quien no ha visto nunca, despu\u00e9s de la repentina muerte de su madre.<\/p>\n\n\n\n<p>Carles afronta el reto con ganas y voluntad, pero Wolfgang no soporta su desorden ni su desorganizaci\u00f3n y lo considera un &#8220;bajo-QI&#8221; por su falta de intelecto. As\u00ed que, a escondidas, Wolfgang planea conseguir su sue\u00f1o: entrar en la academia de m\u00fasica Grimald de Par\u00eds, donde estudi\u00f3 su madre.<\/p>\n\n\n\n<p><strong>FICHA T\u00c9CNICA<\/strong><\/p>\n\n\n\n<p><strong>Direcci\u00f3n:<\/strong>&nbsp;Javier Ruiz Caldera<\/p>\n\n\n\n<p><strong>Productora:<\/strong>&nbsp;Telecinco Cinema S.A.U, Nostromo Pictures, S.L., Lo Vi Films, S.L., Wolfgang Pelicula, A.I.E.<\/p>\n\n\n\n<p><strong>Estreno:<\/strong>&nbsp;14 de marzo de 2025<\/p>\n\n\n\n<p><strong>Duraci\u00f3n:<\/strong>&nbsp;110 min.<\/p>\n\n\n\n<p><strong>Guion:<\/strong>&nbsp;Laia Aguilar, Yago Alonso, Carmen Marf\u00e0, Valentina Viso.<\/p>\n\n\n\n<p><strong>G\u00e9nero:<\/strong>&nbsp;Comedia<\/p>\n\n\n\n<p><strong>Calificaci\u00f3n<\/strong>: No recomendada para menores de 7 a\u00f1os<\/p>\n\n\n\n<p><strong>Versi\u00f3n:&nbsp;<\/strong>Original en catal\u00e1n<\/p>\n\n\n\n<p><strong>Int\u00e9rpretes:<\/strong>&nbsp;\u00c0ngels Gonyalons, Anna Castillo, Berto Romero, Jordi Catal\u00e1n, Miki Esparb\u00e9<\/p>\n\n\n\n<p>Como es habitual, el precio de la entrada ser\u00e1 de 4,5\u20ac (general) y 3\u20ac para los espectadores que presenten el carn\u00e9 de la Biblioteca p\u00fablica de la Bisbal del Pened\u00e8s. Los beneficios se destinar\u00e1n a la entidad que gestione la taquilla antes de la proyecci\u00f3n.<\/p>\n","protected":false},"excerpt":{"rendered":"<p>El dissabte 25 d&#8217;octubre, a les\u00a018h, podreu veure la pel\u00b7l\u00edcula\u00a0\u201cWolfgang\u201d\u00a0a l\u2019auditori del\u00a0CMC, en el marc del\u00a0Cicle Gaud\u00ed\u00a0de cinema catal\u00e0. La taquilla ser\u00e0 gestionada per l&#8217;Associaci\u00f3 de Dones La Roca Foradada. &hellip; <a href=\"https:\/\/bisbalpenedes.com\/web\/2025\/10\/15\/el-diumenge-26-doctubre-torna-el-cicle-gaudi-amb-la-pellicula-wolfgang\/\" class=\"more-link\">Read More<\/a><\/p>\n","protected":false},"author":4,"featured_media":34972,"comment_status":"closed","ping_status":"closed","sticky":false,"template":"","format":"standard","meta":[],"categories":[13,8],"tags":[459,1374],"_links":{"self":[{"href":"https:\/\/bisbalpenedes.com\/web\/wp-json\/wp\/v2\/posts\/34966"}],"collection":[{"href":"https:\/\/bisbalpenedes.com\/web\/wp-json\/wp\/v2\/posts"}],"about":[{"href":"https:\/\/bisbalpenedes.com\/web\/wp-json\/wp\/v2\/types\/post"}],"author":[{"embeddable":true,"href":"https:\/\/bisbalpenedes.com\/web\/wp-json\/wp\/v2\/users\/4"}],"replies":[{"embeddable":true,"href":"https:\/\/bisbalpenedes.com\/web\/wp-json\/wp\/v2\/comments?post=34966"}],"version-history":[{"count":5,"href":"https:\/\/bisbalpenedes.com\/web\/wp-json\/wp\/v2\/posts\/34966\/revisions"}],"predecessor-version":[{"id":34973,"href":"https:\/\/bisbalpenedes.com\/web\/wp-json\/wp\/v2\/posts\/34966\/revisions\/34973"}],"wp:featuredmedia":[{"embeddable":true,"href":"https:\/\/bisbalpenedes.com\/web\/wp-json\/wp\/v2\/media\/34972"}],"wp:attachment":[{"href":"https:\/\/bisbalpenedes.com\/web\/wp-json\/wp\/v2\/media?parent=34966"}],"wp:term":[{"taxonomy":"category","embeddable":true,"href":"https:\/\/bisbalpenedes.com\/web\/wp-json\/wp\/v2\/categories?post=34966"},{"taxonomy":"post_tag","embeddable":true,"href":"https:\/\/bisbalpenedes.com\/web\/wp-json\/wp\/v2\/tags?post=34966"}],"curies":[{"name":"wp","href":"https:\/\/api.w.org\/{rel}","templated":true}]}}