{"id":34962,"date":"2025-10-14T17:54:48","date_gmt":"2025-10-14T15:54:48","guid":{"rendered":"https:\/\/bisbalpenedes.com\/web\/?p=34962"},"modified":"2025-10-14T17:57:30","modified_gmt":"2025-10-14T15:57:30","slug":"dema-dimecres-15-doctubre-es-el-dia-internacional-del-dol-perinatal-gestacional-i-neonatal","status":"publish","type":"post","link":"https:\/\/bisbalpenedes.com\/web\/2025\/10\/14\/dema-dimecres-15-doctubre-es-el-dia-internacional-del-dol-perinatal-gestacional-i-neonatal\/","title":{"rendered":"Dem\u00e0 dimecres 15 d&#8217;octubre \u00e9s el Dia Internacional del Dol Perinatal, Gestacional i Neonatal"},"content":{"rendered":"\n<p>Dem\u00e0 15 d\u2019octubre \u00e9s el Dia Internacional del Dol Perinatal, Gestacional i Neonatal. Per aquest motiu, la fa\u00e7ana de l\u2019Ajuntament s\u2019il\u00b7luminar\u00e0, al vespre, de color blanc.<\/p>\n\n\n\n<p>Des de l\u2019Ajuntament ens sensibilitzem amb totes les fam\u00edlies que han viscut aquesta p\u00e8rdua, alhora que desitgem crear consci\u00e8ncia sobre aquest dol a la societat.<\/p>\n\n\n\n<hr class=\"wp-block-separator has-alpha-channel-opacity\"\/>\n\n\n\n<p>Ma\u00f1ana 15 de octubre es el D\u00eda Internacional del Duelo Perinatal, Gestacional y Neonatal. Por este motivo, la fachada del Ayuntamiento se iluminar\u00e1, al anochecer, de color blanco.<\/p>\n\n\n\n<p>Desde el Ayuntamiento nos sensibilizamos con todas las familias que han vivido esta p\u00e9rdida, a la vez que deseamos crear conciencia sobre este duelo en la sociedad.<\/p>\n","protected":false},"excerpt":{"rendered":"<p>Dem\u00e0 15 d\u2019octubre \u00e9s el Dia Internacional del Dol Perinatal, Gestacional i Neonatal. Per aquest motiu, la fa\u00e7ana de l\u2019Ajuntament s\u2019il\u00b7luminar\u00e0, al vespre, de color blanc. Des de l\u2019Ajuntament ens &hellip; <a href=\"https:\/\/bisbalpenedes.com\/web\/2025\/10\/14\/dema-dimecres-15-doctubre-es-el-dia-internacional-del-dol-perinatal-gestacional-i-neonatal\/\" class=\"more-link\">Read More<\/a><\/p>\n","protected":false},"author":4,"featured_media":34965,"comment_status":"closed","ping_status":"closed","sticky":false,"template":"","format":"standard","meta":[],"categories":[2402,8],"tags":[7196,7197,393,5547,1374],"_links":{"self":[{"href":"https:\/\/bisbalpenedes.com\/web\/wp-json\/wp\/v2\/posts\/34962"}],"collection":[{"href":"https:\/\/bisbalpenedes.com\/web\/wp-json\/wp\/v2\/posts"}],"about":[{"href":"https:\/\/bisbalpenedes.com\/web\/wp-json\/wp\/v2\/types\/post"}],"author":[{"embeddable":true,"href":"https:\/\/bisbalpenedes.com\/web\/wp-json\/wp\/v2\/users\/4"}],"replies":[{"embeddable":true,"href":"https:\/\/bisbalpenedes.com\/web\/wp-json\/wp\/v2\/comments?post=34962"}],"version-history":[{"count":1,"href":"https:\/\/bisbalpenedes.com\/web\/wp-json\/wp\/v2\/posts\/34962\/revisions"}],"predecessor-version":[{"id":34963,"href":"https:\/\/bisbalpenedes.com\/web\/wp-json\/wp\/v2\/posts\/34962\/revisions\/34963"}],"wp:featuredmedia":[{"embeddable":true,"href":"https:\/\/bisbalpenedes.com\/web\/wp-json\/wp\/v2\/media\/34965"}],"wp:attachment":[{"href":"https:\/\/bisbalpenedes.com\/web\/wp-json\/wp\/v2\/media?parent=34962"}],"wp:term":[{"taxonomy":"category","embeddable":true,"href":"https:\/\/bisbalpenedes.com\/web\/wp-json\/wp\/v2\/categories?post=34962"},{"taxonomy":"post_tag","embeddable":true,"href":"https:\/\/bisbalpenedes.com\/web\/wp-json\/wp\/v2\/tags?post=34962"}],"curies":[{"name":"wp","href":"https:\/\/api.w.org\/{rel}","templated":true}]}}