{"id":34957,"date":"2025-10-14T16:32:27","date_gmt":"2025-10-14T14:32:27","guid":{"rendered":"https:\/\/bisbalpenedes.com\/web\/?p=34957"},"modified":"2025-10-14T16:32:27","modified_gmt":"2025-10-14T14:32:27","slug":"lajuntament-licita-els-serveis-per-a-la-gestio-de-nomina-contractes-i-assegurances-socials-del-personal-municipal","status":"publish","type":"post","link":"https:\/\/bisbalpenedes.com\/web\/2025\/10\/14\/lajuntament-licita-els-serveis-per-a-la-gestio-de-nomina-contractes-i-assegurances-socials-del-personal-municipal\/","title":{"rendered":"L&#8217;Ajuntament licita els serveis per a la gesti\u00f3 de n\u00f2mina, contractes i assegurances socials del personal municipal"},"content":{"rendered":"\n<p>S&#8217;ha obert el termini perqu\u00e8 les empreses interessades puguin presentar propostes a la licitaci\u00f3 dels serveis per a la gesti\u00f3 de n\u00f2mina, contractes i assegurances socials del personal municipal, mitjan\u00e7ant procediment obert simplificat.<\/p>\n\n\n\n<p>L&#8217;import anual de la licitaci\u00f3 ascendeix a 37.534,20\u20ac (IVA incl\u00f2s) i les empreses interessades poden presentar les seves propostes fins al 21 d&#8217;octubre a les 14h.<\/p>\n\n\n\n<p>Podeu consultar la documentaci\u00f3 relativa a aquesta licitaci\u00f3 a l&#8217;enlla\u00e7: <a href=\"https:\/\/contractaciopublica.cat\/ca\/detall-publicacio\/300575083\">https:\/\/contractaciopublica.cat\/ca\/detall-publicacio\/300575083<\/a><\/p>\n\n\n\n<hr class=\"wp-block-separator has-alpha-channel-opacity\"\/>\n\n\n\n<p>Se ha abierto el plazo para que las empresas interesadas puedan presentar propuestas a la licitaci\u00f3n de los servicios para la gesti\u00f3n de n\u00f3mina, contratos y seguros sociales del personal municipal, mediante procedimiento abierto simplificado.<\/p>\n\n\n\n<p>El importe anual de la licitaci\u00f3n asciende a 37.534,20\u20ac (IVA incluido) y las empresas interesadas pueden presentar sus propuestas hasta el 21 de octubre a las 14h.<\/p>\n\n\n\n<p>Pod\u00e9is consultar la documentaci\u00f3n relativa a esta licitaci\u00f3n en el enlace: <a href=\"https:\/\/contractaciopublica.cat\/ca\/detall-publicacio\/300575083\">https:\/\/contractaciopublica.cat\/ca\/detall-publicacio\/300575083<\/a><\/p>\n","protected":false},"excerpt":{"rendered":"<p>S&#8217;ha obert el termini perqu\u00e8 les empreses interessades puguin presentar propostes a la licitaci\u00f3 dels serveis per a la gesti\u00f3 de n\u00f2mina, contractes i assegurances socials del personal municipal, mitjan\u00e7ant &hellip; <a href=\"https:\/\/bisbalpenedes.com\/web\/2025\/10\/14\/lajuntament-licita-els-serveis-per-a-la-gestio-de-nomina-contractes-i-assegurances-socials-del-personal-municipal\/\" class=\"more-link\">Read More<\/a><\/p>\n","protected":false},"author":4,"featured_media":34961,"comment_status":"closed","ping_status":"closed","sticky":false,"template":"","format":"standard","meta":[],"categories":[2057,8],"tags":[1374],"_links":{"self":[{"href":"https:\/\/bisbalpenedes.com\/web\/wp-json\/wp\/v2\/posts\/34957"}],"collection":[{"href":"https:\/\/bisbalpenedes.com\/web\/wp-json\/wp\/v2\/posts"}],"about":[{"href":"https:\/\/bisbalpenedes.com\/web\/wp-json\/wp\/v2\/types\/post"}],"author":[{"embeddable":true,"href":"https:\/\/bisbalpenedes.com\/web\/wp-json\/wp\/v2\/users\/4"}],"replies":[{"embeddable":true,"href":"https:\/\/bisbalpenedes.com\/web\/wp-json\/wp\/v2\/comments?post=34957"}],"version-history":[{"count":1,"href":"https:\/\/bisbalpenedes.com\/web\/wp-json\/wp\/v2\/posts\/34957\/revisions"}],"predecessor-version":[{"id":34958,"href":"https:\/\/bisbalpenedes.com\/web\/wp-json\/wp\/v2\/posts\/34957\/revisions\/34958"}],"wp:featuredmedia":[{"embeddable":true,"href":"https:\/\/bisbalpenedes.com\/web\/wp-json\/wp\/v2\/media\/34961"}],"wp:attachment":[{"href":"https:\/\/bisbalpenedes.com\/web\/wp-json\/wp\/v2\/media?parent=34957"}],"wp:term":[{"taxonomy":"category","embeddable":true,"href":"https:\/\/bisbalpenedes.com\/web\/wp-json\/wp\/v2\/categories?post=34957"},{"taxonomy":"post_tag","embeddable":true,"href":"https:\/\/bisbalpenedes.com\/web\/wp-json\/wp\/v2\/tags?post=34957"}],"curies":[{"name":"wp","href":"https:\/\/api.w.org\/{rel}","templated":true}]}}