{"id":34919,"date":"2025-10-08T09:53:57","date_gmt":"2025-10-08T07:53:57","guid":{"rendered":"https:\/\/bisbalpenedes.com\/web\/?p=34919"},"modified":"2025-10-08T09:54:18","modified_gmt":"2025-10-08T07:54:18","slug":"aquest-divendres-10-doctubre-se-celebrara-un-ple-extraordinari","status":"publish","type":"post","link":"https:\/\/bisbalpenedes.com\/web\/2025\/10\/08\/aquest-divendres-10-doctubre-se-celebrara-un-ple-extraordinari\/","title":{"rendered":"Aquest divendres 10 d&#8217;octubre se celebrar\u00e0 un Ple extraordinari"},"content":{"rendered":"\n<p>Aquest divendres 10 d&#8217;octubre, a les 8h, se celebrar\u00e0 un Ple extraordinari a l&#8217;Ajuntament de la Bisbal del Pened\u00e8s. L&#8217;ordre del dia ser\u00e0 el seg\u00fcent:<\/p>\n\n\n\n<p>1.- Reconeixement extrajudicial de cr\u00e8dits<\/p>\n\n\n\n<p>2.- Modificaci\u00f3 de cr\u00e8dit\u00a0<\/p>\n\n\n\n<p>3.- Conveni amb el CCBP per la protecci\u00f3 de dades en el servei de residus\u00a0<\/p>\n\n\n\n<hr class=\"wp-block-separator has-alpha-channel-opacity\"\/>\n\n\n\n<p>Este viernes 10 de octubre, a las 8h, se celebrar\u00e1 un Pleno extraordinario en el Ajuntament de la Bisbal del Pened\u00e8s. El orden del d\u00eda ser\u00e1 el siguiente:<\/p>\n\n\n\n<p>1.-Reconocimiento extrajudicial de cr\u00e9ditos<\/p>\n\n\n\n<p>2.-Modificaci\u00f3n de cr\u00e9dito<\/p>\n\n\n\n<p>3.-Convenio con el CCBP para la protecci\u00f3n de datos en el servicio de residuos<\/p>\n","protected":false},"excerpt":{"rendered":"<p>Aquest divendres 10 d&#8217;octubre, a les 8h, se celebrar\u00e0 un Ple extraordinari a l&#8217;Ajuntament de la Bisbal del Pened\u00e8s. L&#8217;ordre del dia ser\u00e0 el seg\u00fcent: 1.- Reconeixement extrajudicial de cr\u00e8dits &hellip; <a href=\"https:\/\/bisbalpenedes.com\/web\/2025\/10\/08\/aquest-divendres-10-doctubre-se-celebrara-un-ple-extraordinari\/\" class=\"more-link\">Read More<\/a><\/p>\n","protected":false},"author":4,"featured_media":33910,"comment_status":"closed","ping_status":"closed","sticky":false,"template":"","format":"standard","meta":[],"categories":[8,2251,2250],"tags":[459,1374],"_links":{"self":[{"href":"https:\/\/bisbalpenedes.com\/web\/wp-json\/wp\/v2\/posts\/34919"}],"collection":[{"href":"https:\/\/bisbalpenedes.com\/web\/wp-json\/wp\/v2\/posts"}],"about":[{"href":"https:\/\/bisbalpenedes.com\/web\/wp-json\/wp\/v2\/types\/post"}],"author":[{"embeddable":true,"href":"https:\/\/bisbalpenedes.com\/web\/wp-json\/wp\/v2\/users\/4"}],"replies":[{"embeddable":true,"href":"https:\/\/bisbalpenedes.com\/web\/wp-json\/wp\/v2\/comments?post=34919"}],"version-history":[{"count":3,"href":"https:\/\/bisbalpenedes.com\/web\/wp-json\/wp\/v2\/posts\/34919\/revisions"}],"predecessor-version":[{"id":34922,"href":"https:\/\/bisbalpenedes.com\/web\/wp-json\/wp\/v2\/posts\/34919\/revisions\/34922"}],"wp:featuredmedia":[{"embeddable":true,"href":"https:\/\/bisbalpenedes.com\/web\/wp-json\/wp\/v2\/media\/33910"}],"wp:attachment":[{"href":"https:\/\/bisbalpenedes.com\/web\/wp-json\/wp\/v2\/media?parent=34919"}],"wp:term":[{"taxonomy":"category","embeddable":true,"href":"https:\/\/bisbalpenedes.com\/web\/wp-json\/wp\/v2\/categories?post=34919"},{"taxonomy":"post_tag","embeddable":true,"href":"https:\/\/bisbalpenedes.com\/web\/wp-json\/wp\/v2\/tags?post=34919"}],"curies":[{"name":"wp","href":"https:\/\/api.w.org\/{rel}","templated":true}]}}