{"id":34904,"date":"2025-10-02T14:05:29","date_gmt":"2025-10-02T12:05:29","guid":{"rendered":"https:\/\/bisbalpenedes.com\/web\/?p=34904"},"modified":"2025-10-02T14:05:29","modified_gmt":"2025-10-02T12:05:29","slug":"la-bisbal-del-penedes-ja-es-la-nova-seu-de-lagrupacio-de-secretaries-dels-jutjats-de-pau-numero-30","status":"publish","type":"post","link":"https:\/\/bisbalpenedes.com\/web\/2025\/10\/02\/la-bisbal-del-penedes-ja-es-la-nova-seu-de-lagrupacio-de-secretaries-dels-jutjats-de-pau-numero-30\/","title":{"rendered":"La Bisbal del Pened\u00e8s ja \u00e9s la nova seu de l\u2019agrupaci\u00f3 de secretaries dels Jutjats de Pau n\u00famero 30"},"content":{"rendered":"\n<p>La Bisbal del Pened\u00e8s \u00e9s la nova seu dels jutjats de Pau de Bellvei, Santa Oliva i La Bisbal des del passat mes de juliol. D&#8217;aquesta manera, el Jutjat de Pau de la Bisbal del Pened\u00e8s, ubicat a la planta baixa de l&#8217;Hotel d&#8217;Entitats, donar\u00e0 servei durant tota la setmana i no nom\u00e9s un dia, com fins ara.<\/p>\n\n\n\n<p>La nova seu compta amb una plantilla formada per secret\u00e0ria de gesti\u00f3 processal i una auxiliar judicial. Al capdavant del Jutjat de Pau hi ha el jutge de pau, que \u00e9s escollit per l&#8217;Ajuntament i nomenat pel Tribunal Superior de Just\u00edcia de Catalunya per un per\u00edode de quatre anys.<\/p>\n\n\n\n<p>La seu anterior, Cunit, va sol\u00b7licitar formar la seva pr\u00f2pia agrupaci\u00f3 per l&#8217;augment de poblaci\u00f3 i, per aquest motiu, la Bisbal ha passat a ser la nova seu. L&#8217;agrupaci\u00f3 original, creada el 1998, inclo\u00efa Cunit, Bellvei, la Bisbal del Pened\u00e8s i Santa Oliva.<\/p>\n\n\n\n<p>L&#8217;alcaldessa de la Bisbal del Pened\u00e8s, Agn\u00e8s Ferr\u00e9, ha destacat que <em>&#8220;tenir aquesta seu a al Bisbal suposar\u00e0 oferir m\u00e9s i millor servei als bisbalencs i les bisbalenques&#8221;.<\/em><\/p>\n\n\n\n<p>Els Jutjats de pau s\u00f3n \u00f2rgans unipersonals amb jurisdicci\u00f3 al terme municipal i estan ubicats als municipis on no hi ha jutjat de primera inst\u00e0ncia i instrucci\u00f3. A Catalunya, en l&#8217;actualitat, hi ha 898 jutjats de pau.<\/p>\n\n\n\n<hr class=\"wp-block-separator has-alpha-channel-opacity\"\/>\n\n\n\n<p><strong>La Bisbal del Pened\u00e8s ya es la nueva sede de la agrupaci\u00f3n de secretar\u00edas de los Juzgados de Paz n\u00famero 30<\/strong><\/p>\n\n\n\n<p>La Bisbal del Pened\u00e8s es la nueva sede de los juzgados de Paz de Bellvei, Santa Oliva y La Bisbal desde el pasado mes de julio. De esta manera, el Juzgado de Paz de la Bisbal del Pened\u00e8s, ubicado en la planta baja del Hotel d&#8217;Entitats, dar\u00e1 servicio durante toda la semana y no solo un d\u00eda, como hasta ahora.<\/p>\n\n\n\n<p>La nueva sede cuenta con una plantilla formada por secretaria de gesti\u00f3n procesal y una auxiliar judicial. Al frente del Juzgado de Paz est\u00e1 el juez de paz, que es elegido por el Ayuntamiento y nombrado por el Tribunal Superior de Justicia de Catalu\u00f1a por un per\u00edodo de cuatro a\u00f1os.<\/p>\n\n\n\n<p>La sede anterior, Cunit, solicit\u00f3 formar su propia agrupaci\u00f3n por el aumento de poblaci\u00f3n y, por este motivo, la Bisbal ha pasado a ser la nueva sede. La agrupaci\u00f3n original, creada en 1998, inclu\u00eda Cunit, Bellvei, la Bisbal del Pened\u00e8s y Santa Oliva.<\/p>\n\n\n\n<p>La alcaldesa de la Bisbal del Pened\u00e8s, Agn\u00e8s Ferr\u00e9, ha destacado que <em>&#8220;tener esta sede en la Bisbal supondr\u00e1 ofrecer m\u00e1s y mejor servicio a los bisbalencs i bisbalenques&#8221;.<\/em><\/p>\n\n\n\n<p>Los Juzgados de paz son \u00f3rganos unipersonales con jurisdicci\u00f3n en el t\u00e9rmino municipal y est\u00e1n ubicados en los municipios donde no hay juzgado de primera instancia e instrucci\u00f3n. En Catalu\u00f1a, en la actualidad, hay 898 juzgados de paz.<\/p>\n","protected":false},"excerpt":{"rendered":"<p>La Bisbal del Pened\u00e8s \u00e9s la nova seu dels jutjats de Pau de Bellvei, Santa Oliva i La Bisbal des del passat mes de juliol. D&#8217;aquesta manera, el Jutjat de &hellip; <a href=\"https:\/\/bisbalpenedes.com\/web\/2025\/10\/02\/la-bisbal-del-penedes-ja-es-la-nova-seu-de-lagrupacio-de-secretaries-dels-jutjats-de-pau-numero-30\/\" class=\"more-link\">Read More<\/a><\/p>\n","protected":false},"author":4,"featured_media":34905,"comment_status":"closed","ping_status":"closed","sticky":false,"template":"","format":"standard","meta":[],"categories":[4954,8],"tags":[459,7088,3440,393,1374,2142],"_links":{"self":[{"href":"https:\/\/bisbalpenedes.com\/web\/wp-json\/wp\/v2\/posts\/34904"}],"collection":[{"href":"https:\/\/bisbalpenedes.com\/web\/wp-json\/wp\/v2\/posts"}],"about":[{"href":"https:\/\/bisbalpenedes.com\/web\/wp-json\/wp\/v2\/types\/post"}],"author":[{"embeddable":true,"href":"https:\/\/bisbalpenedes.com\/web\/wp-json\/wp\/v2\/users\/4"}],"replies":[{"embeddable":true,"href":"https:\/\/bisbalpenedes.com\/web\/wp-json\/wp\/v2\/comments?post=34904"}],"version-history":[{"count":1,"href":"https:\/\/bisbalpenedes.com\/web\/wp-json\/wp\/v2\/posts\/34904\/revisions"}],"predecessor-version":[{"id":34906,"href":"https:\/\/bisbalpenedes.com\/web\/wp-json\/wp\/v2\/posts\/34904\/revisions\/34906"}],"wp:featuredmedia":[{"embeddable":true,"href":"https:\/\/bisbalpenedes.com\/web\/wp-json\/wp\/v2\/media\/34905"}],"wp:attachment":[{"href":"https:\/\/bisbalpenedes.com\/web\/wp-json\/wp\/v2\/media?parent=34904"}],"wp:term":[{"taxonomy":"category","embeddable":true,"href":"https:\/\/bisbalpenedes.com\/web\/wp-json\/wp\/v2\/categories?post=34904"},{"taxonomy":"post_tag","embeddable":true,"href":"https:\/\/bisbalpenedes.com\/web\/wp-json\/wp\/v2\/tags?post=34904"}],"curies":[{"name":"wp","href":"https:\/\/api.w.org\/{rel}","templated":true}]}}